{"id":8667,"date":"2018-03-31T09:30:16","date_gmt":"2018-03-31T09:30:16","guid":{"rendered":"http:\/\/blogdorogeriogomes.com.br\/?p=8667"},"modified":"2018-03-31T09:30:16","modified_gmt":"2018-03-31T09:30:16","slug":"parlamentares-cearenses-seguem-no-troca-troca-de-partidos-ate-dia-7-de-abril","status":"publish","type":"post","link":"https:\/\/blogdorogeriogomes.com.br\/noticias\/2018\/03\/parlamentares-cearenses-seguem-no-troca-troca-de-partidos-ate-dia-7-de-abril\/","title":{"rendered":"Parlamentares cearenses seguem no troca-troca de partidos at\u00e9 dia 7 de abril"},"content":{"rendered":"<p><img loading=\"lazy\" decoding=\"async\" class=\"alignnone size-medium wp-image-8668\" src=\"http:\/\/blogdorogeriogomes.com.br\/wp-content\/uploads\/2018\/03\/3003po0810-225x300.jpg\" alt=\"3003po0810\" width=\"225\" height=\"300\" srcset=\"https:\/\/blogdorogeriogomes.com.br\/noticias\/wp-content\/uploads\/2018\/03\/3003po0810-225x300.jpg 225w, https:\/\/blogdorogeriogomes.com.br\/noticias\/wp-content\/uploads\/2018\/03\/3003po0810.jpg 500w\" sizes=\"auto, (max-width: 225px) 100vw, 225px\" \/><\/p>\n<p><span style=\"font-weight: 400;\">Parlamentares do Cear\u00e1 t\u00eam at\u00e9 7 de abril para fazer troca de partidos pol\u00edticos visando as elei\u00e7\u00f5es 2018. A chamada janela partid\u00e1ria \u00e9 uma forma de mudar de agremia\u00e7\u00e3o partid\u00e1ria sem o risco de perda de mandato. No Estado, seguem as mudan\u00e7as de deputados tanto na C\u00e2mara Federal, como na Assembleia Legislativa.<\/span><\/p>\n<p><span style=\"font-weight: 400;\">Na AL, a oposi\u00e7\u00e3o tenta se reorganizar mas deve sair enfraquecida ap\u00f3s alguns parlamentares se aproximarem da base do governador Camilo Santana. Os deputados estaduais Capit\u00e3o Wagner e Roberto Mesquita oficializaram a transfer\u00eancia para o PROS. Heitor F\u00e9rrer entrou no Solidariedade depois de deixar o PSB. O grupo do do vice-prefeito de Maracana\u00fa, Roberto Pessoa, e a filha dele, a deputada Fernanda Pessoa, v\u00e3o deixar o PR e podem tomar o rumo do PSDB.<\/span><\/p>\n<p><span style=\"font-weight: 400;\">Na base do Governo tamb\u00e9m h\u00e1 mudan\u00e7as de legendas. Tin Gomes troca o PHS pelo PDT, Gony Arruda, hoje no PSD, vai para o PP. M\u00e1rio H\u00e9lio deve seguir para o MDB e Bethrose para o PP. Audic Mota ida para o DEM, a exemplo da Dra. Silvana.<\/span><\/p>\n","protected":false},"excerpt":{"rendered":"<p>Parlamentares do Cear\u00e1 t\u00eam at\u00e9 7 de abril para fazer troca de partidos pol\u00edticos visando as elei\u00e7\u00f5es 2018. A chamada janela partid\u00e1ria \u00e9 uma forma de mudar de agremia\u00e7\u00e3o partid\u00e1ria sem o risco de perda de mandato. No Estado, seguem as mudan\u00e7as de deputados tanto na C\u00e2mara Federal, como na Assembleia Legislativa. Na AL, a oposi\u00e7\u00e3o tenta se reorganizar mas deve sair enfraquecida ap\u00f3s alguns parlamentares se aproximarem da base do governador Camilo Santana. Os deputados estaduais Capit\u00e3o Wagner&hellip;<\/p>\n","protected":false},"author":1,"featured_media":0,"comment_status":"open","ping_status":"open","sticky":false,"template":"","format":"standard","meta":{"footnotes":""},"categories":[1],"tags":[],"class_list":["post-8667","post","type-post","status-publish","format-standard","hentry","category-noticias"],"_links":{"self":[{"href":"https:\/\/blogdorogeriogomes.com.br\/noticias\/wp-json\/wp\/v2\/posts\/8667","targetHints":{"allow":["GET"]}}],"collection":[{"href":"https:\/\/blogdorogeriogomes.com.br\/noticias\/wp-json\/wp\/v2\/posts"}],"about":[{"href":"https:\/\/blogdorogeriogomes.com.br\/noticias\/wp-json\/wp\/v2\/types\/post"}],"author":[{"embeddable":true,"href":"https:\/\/blogdorogeriogomes.com.br\/noticias\/wp-json\/wp\/v2\/users\/1"}],"replies":[{"embeddable":true,"href":"https:\/\/blogdorogeriogomes.com.br\/noticias\/wp-json\/wp\/v2\/comments?post=8667"}],"version-history":[{"count":1,"href":"https:\/\/blogdorogeriogomes.com.br\/noticias\/wp-json\/wp\/v2\/posts\/8667\/revisions"}],"predecessor-version":[{"id":8669,"href":"https:\/\/blogdorogeriogomes.com.br\/noticias\/wp-json\/wp\/v2\/posts\/8667\/revisions\/8669"}],"wp:attachment":[{"href":"https:\/\/blogdorogeriogomes.com.br\/noticias\/wp-json\/wp\/v2\/media?parent=8667"}],"wp:term":[{"taxonomy":"category","embeddable":true,"href":"https:\/\/blogdorogeriogomes.com.br\/noticias\/wp-json\/wp\/v2\/categories?post=8667"},{"taxonomy":"post_tag","embeddable":true,"href":"https:\/\/blogdorogeriogomes.com.br\/noticias\/wp-json\/wp\/v2\/tags?post=8667"}],"curies":[{"name":"wp","href":"https:\/\/api.w.org\/{rel}","templated":true}]}}