{"id":8679,"date":"2018-04-02T21:16:40","date_gmt":"2018-04-02T21:16:40","guid":{"rendered":"http:\/\/blogdorogeriogomes.com.br\/?p=8679"},"modified":"2018-04-02T21:16:40","modified_gmt":"2018-04-02T21:16:40","slug":"fake-news-e-tema-de-debate-na-assembleia-legislativa","status":"publish","type":"post","link":"https:\/\/blogdorogeriogomes.com.br\/noticias\/2018\/04\/fake-news-e-tema-de-debate-na-assembleia-legislativa\/","title":{"rendered":"Fake News \u00e9 tema de debate na Assembleia Legislativa"},"content":{"rendered":"<p><img loading=\"lazy\" decoding=\"async\" class=\"alignnone size-medium wp-image-8680\" src=\"http:\/\/blogdorogeriogomes.com.br\/wp-content\/uploads\/2018\/04\/images-24-300x225.jpeg\" alt=\"images (24)\" width=\"300\" height=\"225\" srcset=\"https:\/\/blogdorogeriogomes.com.br\/noticias\/wp-content\/uploads\/2018\/04\/images-24-300x225.jpeg 300w, https:\/\/blogdorogeriogomes.com.br\/noticias\/wp-content\/uploads\/2018\/04\/images-24.jpeg 443w\" sizes=\"auto, (max-width: 300px) 100vw, 300px\" \/><\/p>\n<p>A Assembleia Legislativa do Cear\u00e1 promove o semin\u00e1rio &#8220;Os desafios da comunica\u00e7\u00e3o frente ao fen\u00f4meno Fake News&#8221;. Em um ano eleitoral, o uso consciente das redes sociais ser\u00e1 fundamental para uma melhor escolha dos candidatos por parte dos eleitores.<br \/>\nProfissionais de comunica\u00e7\u00e3o e da \u00e1rea jur\u00eddica abordaram o tema do &#8220;Fake News&#8221; e as responsabilidades que os disseminadores de not\u00edcias falsas na internet deveriam ter. Divulgar ou compartilhar o &#8220;Fake News&#8221; \u00e9 crime. E a Justi\u00e7a Eleitoral promete ser dura no per\u00edodo eleitoral para quem insistir em denegrir a imagem de candidatos com informa\u00e7\u00f5es falsas.<\/p>\n<p>&nbsp;<\/p>\n","protected":false},"excerpt":{"rendered":"<p>A Assembleia Legislativa do Cear\u00e1 promove o semin\u00e1rio &#8220;Os desafios da comunica\u00e7\u00e3o frente ao fen\u00f4meno Fake News&#8221;. Em um ano eleitoral, o uso consciente das redes sociais ser\u00e1 fundamental para uma melhor escolha dos candidatos por parte dos eleitores. Profissionais de comunica\u00e7\u00e3o e da \u00e1rea jur\u00eddica abordaram o tema do &#8220;Fake News&#8221; e as responsabilidades que os disseminadores de not\u00edcias falsas na internet deveriam ter. Divulgar ou compartilhar o &#8220;Fake News&#8221; \u00e9 crime. E a Justi\u00e7a Eleitoral promete ser&hellip;<\/p>\n","protected":false},"author":1,"featured_media":0,"comment_status":"open","ping_status":"open","sticky":false,"template":"","format":"standard","meta":{"footnotes":""},"categories":[1],"tags":[],"class_list":["post-8679","post","type-post","status-publish","format-standard","hentry","category-noticias"],"_links":{"self":[{"href":"https:\/\/blogdorogeriogomes.com.br\/noticias\/wp-json\/wp\/v2\/posts\/8679","targetHints":{"allow":["GET"]}}],"collection":[{"href":"https:\/\/blogdorogeriogomes.com.br\/noticias\/wp-json\/wp\/v2\/posts"}],"about":[{"href":"https:\/\/blogdorogeriogomes.com.br\/noticias\/wp-json\/wp\/v2\/types\/post"}],"author":[{"embeddable":true,"href":"https:\/\/blogdorogeriogomes.com.br\/noticias\/wp-json\/wp\/v2\/users\/1"}],"replies":[{"embeddable":true,"href":"https:\/\/blogdorogeriogomes.com.br\/noticias\/wp-json\/wp\/v2\/comments?post=8679"}],"version-history":[{"count":1,"href":"https:\/\/blogdorogeriogomes.com.br\/noticias\/wp-json\/wp\/v2\/posts\/8679\/revisions"}],"predecessor-version":[{"id":8681,"href":"https:\/\/blogdorogeriogomes.com.br\/noticias\/wp-json\/wp\/v2\/posts\/8679\/revisions\/8681"}],"wp:attachment":[{"href":"https:\/\/blogdorogeriogomes.com.br\/noticias\/wp-json\/wp\/v2\/media?parent=8679"}],"wp:term":[{"taxonomy":"category","embeddable":true,"href":"https:\/\/blogdorogeriogomes.com.br\/noticias\/wp-json\/wp\/v2\/categories?post=8679"},{"taxonomy":"post_tag","embeddable":true,"href":"https:\/\/blogdorogeriogomes.com.br\/noticias\/wp-json\/wp\/v2\/tags?post=8679"}],"curies":[{"name":"wp","href":"https:\/\/api.w.org\/{rel}","templated":true}]}}