{"id":8682,"date":"2018-04-02T21:56:26","date_gmt":"2018-04-02T21:56:26","guid":{"rendered":"http:\/\/blogdorogeriogomes.com.br\/?p=8682"},"modified":"2018-04-02T21:56:26","modified_gmt":"2018-04-02T21:56:26","slug":"caixa-assina-contratos-com-ceara-e-fortaleza-para-o-brasileiro-2018","status":"publish","type":"post","link":"https:\/\/blogdorogeriogomes.com.br\/noticias\/2018\/04\/caixa-assina-contratos-com-ceara-e-fortaleza-para-o-brasileiro-2018\/","title":{"rendered":"Caixa assina contratos com Cear\u00e1 e Fortaleza para o Brasileiro 2018"},"content":{"rendered":"<p><img loading=\"lazy\" decoding=\"async\" class=\"alignnone size-medium wp-image-8683\" src=\"http:\/\/blogdorogeriogomes.com.br\/wp-content\/uploads\/2018\/04\/IMG_20180402_185306_146-300x300.jpg\" alt=\"IMG_20180402_185306_146\" width=\"300\" height=\"300\" srcset=\"https:\/\/blogdorogeriogomes.com.br\/noticias\/wp-content\/uploads\/2018\/04\/IMG_20180402_185306_146-300x300.jpg 300w, https:\/\/blogdorogeriogomes.com.br\/noticias\/wp-content\/uploads\/2018\/04\/IMG_20180402_185306_146-150x150.jpg 150w, https:\/\/blogdorogeriogomes.com.br\/noticias\/wp-content\/uploads\/2018\/04\/IMG_20180402_185306_146-768x768.jpg 768w, https:\/\/blogdorogeriogomes.com.br\/noticias\/wp-content\/uploads\/2018\/04\/IMG_20180402_185306_146.jpg 868w\" sizes=\"auto, (max-width: 300px) 100vw, 300px\" \/><\/p>\n<p><span style=\"font-weight: 400;\">As torcidas do Cear\u00e1 e Fortaleza t\u00eam o que comemorar. A Caixa Econ\u00f4mica Federal assinou com a diretoria dos dois clubes, em Bras\u00edlia, os contratos de patroc\u00ednio para a temporada do Brasileiro em 2018. O Cear\u00e1 na S\u00e9rie A e o Fortaleza na S\u00e9rie B.<\/span><\/p>\n<p><span style=\"font-weight: 400;\">O Alvinegro vai receber R$ 4 milh\u00f5es para estampar a marca de Caixa nas camisas. O repasse ser\u00e1 feito em quatro parcelas.<\/span><\/p>\n<p><span style=\"font-weight: 400;\">J\u00e1 o Tricolor do Pici vai receber R$ 2 milh\u00f5es e 400 mil reais at\u00e9 o fim do ano. Em caso de conquista do t\u00edtulo, o clube ainda ter\u00e1 direito a uma bonifica\u00e7\u00e3o de R$ 800 mil.<\/span><\/p>\n","protected":false},"excerpt":{"rendered":"<p>As torcidas do Cear\u00e1 e Fortaleza t\u00eam o que comemorar. A Caixa Econ\u00f4mica Federal assinou com a diretoria dos dois clubes, em Bras\u00edlia, os contratos de patroc\u00ednio para a temporada do Brasileiro em 2018. O Cear\u00e1 na S\u00e9rie A e o Fortaleza na S\u00e9rie B. O Alvinegro vai receber R$ 4 milh\u00f5es para estampar a marca de Caixa nas camisas. O repasse ser\u00e1 feito em quatro parcelas. J\u00e1 o Tricolor do Pici vai receber R$ 2 milh\u00f5es e 400&hellip;<\/p>\n","protected":false},"author":1,"featured_media":0,"comment_status":"open","ping_status":"open","sticky":false,"template":"","format":"standard","meta":{"footnotes":""},"categories":[1],"tags":[],"class_list":["post-8682","post","type-post","status-publish","format-standard","hentry","category-noticias"],"_links":{"self":[{"href":"https:\/\/blogdorogeriogomes.com.br\/noticias\/wp-json\/wp\/v2\/posts\/8682","targetHints":{"allow":["GET"]}}],"collection":[{"href":"https:\/\/blogdorogeriogomes.com.br\/noticias\/wp-json\/wp\/v2\/posts"}],"about":[{"href":"https:\/\/blogdorogeriogomes.com.br\/noticias\/wp-json\/wp\/v2\/types\/post"}],"author":[{"embeddable":true,"href":"https:\/\/blogdorogeriogomes.com.br\/noticias\/wp-json\/wp\/v2\/users\/1"}],"replies":[{"embeddable":true,"href":"https:\/\/blogdorogeriogomes.com.br\/noticias\/wp-json\/wp\/v2\/comments?post=8682"}],"version-history":[{"count":1,"href":"https:\/\/blogdorogeriogomes.com.br\/noticias\/wp-json\/wp\/v2\/posts\/8682\/revisions"}],"predecessor-version":[{"id":8684,"href":"https:\/\/blogdorogeriogomes.com.br\/noticias\/wp-json\/wp\/v2\/posts\/8682\/revisions\/8684"}],"wp:attachment":[{"href":"https:\/\/blogdorogeriogomes.com.br\/noticias\/wp-json\/wp\/v2\/media?parent=8682"}],"wp:term":[{"taxonomy":"category","embeddable":true,"href":"https:\/\/blogdorogeriogomes.com.br\/noticias\/wp-json\/wp\/v2\/categories?post=8682"},{"taxonomy":"post_tag","embeddable":true,"href":"https:\/\/blogdorogeriogomes.com.br\/noticias\/wp-json\/wp\/v2\/tags?post=8682"}],"curies":[{"name":"wp","href":"https:\/\/api.w.org\/{rel}","templated":true}]}}