{"id":8692,"date":"2018-04-03T20:31:57","date_gmt":"2018-04-03T20:31:57","guid":{"rendered":"http:\/\/blogdorogeriogomes.com.br\/?p=8692"},"modified":"2018-04-03T20:31:57","modified_gmt":"2018-04-03T20:31:57","slug":"governo-do-ceara-vai-chamar-250-oficiais-da-pm-aprovados-no-ultimo-concurso","status":"publish","type":"post","link":"https:\/\/blogdorogeriogomes.com.br\/noticias\/2018\/04\/governo-do-ceara-vai-chamar-250-oficiais-da-pm-aprovados-no-ultimo-concurso\/","title":{"rendered":"Governo do Cear\u00e1 vai chamar 250 oficiais da PM aprovados no \u00faltimo concurso"},"content":{"rendered":"<p><img loading=\"lazy\" decoding=\"async\" class=\"alignnone size-medium wp-image-8693\" src=\"http:\/\/blogdorogeriogomes.com.br\/wp-content\/uploads\/2018\/04\/images-1-300x151.jpeg\" alt=\"images (1)\" width=\"300\" height=\"151\" srcset=\"https:\/\/blogdorogeriogomes.com.br\/noticias\/wp-content\/uploads\/2018\/04\/images-1-300x151.jpeg 300w, https:\/\/blogdorogeriogomes.com.br\/noticias\/wp-content\/uploads\/2018\/04\/images-1.jpeg 540w\" sizes=\"auto, (max-width: 300px) 100vw, 300px\" \/><\/p>\n<p><span style=\"font-weight: 400;\">O governador Camilo Santana confirmou a convoca\u00e7\u00e3o de mais 250 oficiais aprovados no \u00faltimo concurso da Pol\u00edcia Militar. Todos eles ainda v\u00e3o passar por curso de forma\u00e7\u00e3o. Dentro do prazo eleitoral que disp\u00f5e antes de come\u00e7ar a campanha pela reelei\u00e7\u00e3o, o governador busca refor\u00e7ar ainda mais os quadros da PM e Pol\u00edcia Civil, diante de n\u00fameros crescentes da viol\u00eancia no Estado.<\/span><\/p>\n<p><span style=\"font-weight: 400;\">Sem d\u00favida, o tema da seguran\u00e7a p\u00fablica ser\u00e1 um dos mais debatidos na campanha eleitoral. Camilo admite que os n\u00fameros s\u00e3o ruins, mas ressalta que o Governo investiu muito em contrata\u00e7\u00e3o de novos policiais, compra de ve\u00edculos e mais equipamentos. \u201cDesafio quem tenha investido tanto nesse setor\u201d, refor\u00e7a o governador.<\/span><\/p>\n<p><span style=\"font-weight: 400;\">No m\u00eas passado, Camilo Santana j\u00e1 tinha autorizado o pagamento de horas extras para policiais de folga, a fim de refor\u00e7ar o efetivo na Capital ap\u00f3s os ataques a \u00f4nibus e pr\u00e9dios p\u00fablicos promovidos por grupos criminosos.<\/span><\/p>\n","protected":false},"excerpt":{"rendered":"<p>O governador Camilo Santana confirmou a convoca\u00e7\u00e3o de mais 250 oficiais aprovados no \u00faltimo concurso da Pol\u00edcia Militar. Todos eles ainda v\u00e3o passar por curso de forma\u00e7\u00e3o. Dentro do prazo eleitoral que disp\u00f5e antes de come\u00e7ar a campanha pela reelei\u00e7\u00e3o, o governador busca refor\u00e7ar ainda mais os quadros da PM e Pol\u00edcia Civil, diante de n\u00fameros crescentes da viol\u00eancia no Estado. Sem d\u00favida, o tema da seguran\u00e7a p\u00fablica ser\u00e1 um dos mais debatidos na campanha eleitoral. Camilo admite que&hellip;<\/p>\n","protected":false},"author":1,"featured_media":0,"comment_status":"open","ping_status":"open","sticky":false,"template":"","format":"standard","meta":{"footnotes":""},"categories":[1],"tags":[],"class_list":["post-8692","post","type-post","status-publish","format-standard","hentry","category-noticias"],"_links":{"self":[{"href":"https:\/\/blogdorogeriogomes.com.br\/noticias\/wp-json\/wp\/v2\/posts\/8692","targetHints":{"allow":["GET"]}}],"collection":[{"href":"https:\/\/blogdorogeriogomes.com.br\/noticias\/wp-json\/wp\/v2\/posts"}],"about":[{"href":"https:\/\/blogdorogeriogomes.com.br\/noticias\/wp-json\/wp\/v2\/types\/post"}],"author":[{"embeddable":true,"href":"https:\/\/blogdorogeriogomes.com.br\/noticias\/wp-json\/wp\/v2\/users\/1"}],"replies":[{"embeddable":true,"href":"https:\/\/blogdorogeriogomes.com.br\/noticias\/wp-json\/wp\/v2\/comments?post=8692"}],"version-history":[{"count":1,"href":"https:\/\/blogdorogeriogomes.com.br\/noticias\/wp-json\/wp\/v2\/posts\/8692\/revisions"}],"predecessor-version":[{"id":8694,"href":"https:\/\/blogdorogeriogomes.com.br\/noticias\/wp-json\/wp\/v2\/posts\/8692\/revisions\/8694"}],"wp:attachment":[{"href":"https:\/\/blogdorogeriogomes.com.br\/noticias\/wp-json\/wp\/v2\/media?parent=8692"}],"wp:term":[{"taxonomy":"category","embeddable":true,"href":"https:\/\/blogdorogeriogomes.com.br\/noticias\/wp-json\/wp\/v2\/categories?post=8692"},{"taxonomy":"post_tag","embeddable":true,"href":"https:\/\/blogdorogeriogomes.com.br\/noticias\/wp-json\/wp\/v2\/tags?post=8692"}],"curies":[{"name":"wp","href":"https:\/\/api.w.org\/{rel}","templated":true}]}}