{"id":8704,"date":"2018-04-04T17:40:46","date_gmt":"2018-04-04T17:40:46","guid":{"rendered":"http:\/\/blogdorogeriogomes.com.br\/?p=8704"},"modified":"2018-04-04T17:40:46","modified_gmt":"2018-04-04T17:40:46","slug":"pt-do-ceara-mostra-disposicao-de-concorrer-sem-coligacoes-para-deputado-federal-e-estadual","status":"publish","type":"post","link":"https:\/\/blogdorogeriogomes.com.br\/noticias\/2018\/04\/pt-do-ceara-mostra-disposicao-de-concorrer-sem-coligacoes-para-deputado-federal-e-estadual\/","title":{"rendered":"PT do Cear\u00e1 mostra disposi\u00e7\u00e3o de concorrer sem coliga\u00e7\u00f5es para deputado federal e estadual"},"content":{"rendered":"<p><img loading=\"lazy\" decoding=\"async\" class=\"alignnone size-medium wp-image-8705\" src=\"http:\/\/blogdorogeriogomes.com.br\/wp-content\/uploads\/2018\/04\/images-5-300x200.jpeg\" alt=\"images (5)\" width=\"300\" height=\"200\" srcset=\"https:\/\/blogdorogeriogomes.com.br\/noticias\/wp-content\/uploads\/2018\/04\/images-5-300x200.jpeg 300w, https:\/\/blogdorogeriogomes.com.br\/noticias\/wp-content\/uploads\/2018\/04\/images-5.jpeg 314w\" sizes=\"auto, (max-width: 300px) 100vw, 300px\" \/><\/p>\n<p><span style=\"font-weight: 400;\">O diret\u00f3rio estadual do Partido dos Trabalhadores (PT) mostra disposi\u00e7\u00e3o que o partido concorra sozinho para a disputa proporcional nas elei\u00e7\u00f5es de outubro. De acordo com o presidente estadual do PT, Francisco de Assis Diniz, sem a forma\u00e7\u00e3o de coliga\u00e7\u00e3o, o partido tem mais chances de atingir a meta de eleger cinco deputados estaduais e tr\u00eas a quatro deputados federais pelo Cear\u00e1.<\/span><\/p>\n<p><span style=\"font-weight: 400;\">Hoje, o PT estadual tem cerca de nove pr\u00e9-candidaturas a deputado federal e outras 23 a deputado estadual. Mas esses n\u00fameros devem ser maiores at\u00e9 a defini\u00e7\u00e3o das candidaturas quando do registro no TRE.<\/span><\/p>\n","protected":false},"excerpt":{"rendered":"<p>O diret\u00f3rio estadual do Partido dos Trabalhadores (PT) mostra disposi\u00e7\u00e3o que o partido concorra sozinho para a disputa proporcional nas elei\u00e7\u00f5es de outubro. De acordo com o presidente estadual do PT, Francisco de Assis Diniz, sem a forma\u00e7\u00e3o de coliga\u00e7\u00e3o, o partido tem mais chances de atingir a meta de eleger cinco deputados estaduais e tr\u00eas a quatro deputados federais pelo Cear\u00e1. Hoje, o PT estadual tem cerca de nove pr\u00e9-candidaturas a deputado federal e outras 23 a deputado&hellip;<\/p>\n","protected":false},"author":1,"featured_media":0,"comment_status":"open","ping_status":"open","sticky":false,"template":"","format":"standard","meta":{"footnotes":""},"categories":[1],"tags":[],"class_list":["post-8704","post","type-post","status-publish","format-standard","hentry","category-noticias"],"_links":{"self":[{"href":"https:\/\/blogdorogeriogomes.com.br\/noticias\/wp-json\/wp\/v2\/posts\/8704","targetHints":{"allow":["GET"]}}],"collection":[{"href":"https:\/\/blogdorogeriogomes.com.br\/noticias\/wp-json\/wp\/v2\/posts"}],"about":[{"href":"https:\/\/blogdorogeriogomes.com.br\/noticias\/wp-json\/wp\/v2\/types\/post"}],"author":[{"embeddable":true,"href":"https:\/\/blogdorogeriogomes.com.br\/noticias\/wp-json\/wp\/v2\/users\/1"}],"replies":[{"embeddable":true,"href":"https:\/\/blogdorogeriogomes.com.br\/noticias\/wp-json\/wp\/v2\/comments?post=8704"}],"version-history":[{"count":1,"href":"https:\/\/blogdorogeriogomes.com.br\/noticias\/wp-json\/wp\/v2\/posts\/8704\/revisions"}],"predecessor-version":[{"id":8706,"href":"https:\/\/blogdorogeriogomes.com.br\/noticias\/wp-json\/wp\/v2\/posts\/8704\/revisions\/8706"}],"wp:attachment":[{"href":"https:\/\/blogdorogeriogomes.com.br\/noticias\/wp-json\/wp\/v2\/media?parent=8704"}],"wp:term":[{"taxonomy":"category","embeddable":true,"href":"https:\/\/blogdorogeriogomes.com.br\/noticias\/wp-json\/wp\/v2\/categories?post=8704"},{"taxonomy":"post_tag","embeddable":true,"href":"https:\/\/blogdorogeriogomes.com.br\/noticias\/wp-json\/wp\/v2\/tags?post=8704"}],"curies":[{"name":"wp","href":"https:\/\/api.w.org\/{rel}","templated":true}]}}