{"id":8744,"date":"2018-04-10T09:54:26","date_gmt":"2018-04-10T09:54:26","guid":{"rendered":"http:\/\/blogdorogeriogomes.com.br\/?p=8744"},"modified":"2018-04-10T09:54:26","modified_gmt":"2018-04-10T09:54:26","slug":"municipios-de-tiangua-e-umari-terao-novas-eleicoes-no-mes-de-junho","status":"publish","type":"post","link":"https:\/\/blogdorogeriogomes.com.br\/noticias\/2018\/04\/municipios-de-tiangua-e-umari-terao-novas-eleicoes-no-mes-de-junho\/","title":{"rendered":"Munic\u00edpios de Tiangu\u00e1 e Umari ter\u00e3o novas elei\u00e7\u00f5es no m\u00eas de junho"},"content":{"rendered":"<p><img loading=\"lazy\" decoding=\"async\" class=\"alignnone size-medium wp-image-8745\" src=\"http:\/\/blogdorogeriogomes.com.br\/wp-content\/uploads\/2018\/04\/unnamed-3-300x200.jpg\" alt=\"unnamed (3)\" width=\"300\" height=\"200\" srcset=\"https:\/\/blogdorogeriogomes.com.br\/noticias\/wp-content\/uploads\/2018\/04\/unnamed-3-300x200.jpg 300w, https:\/\/blogdorogeriogomes.com.br\/noticias\/wp-content\/uploads\/2018\/04\/unnamed-3.jpg 470w\" sizes=\"auto, (max-width: 300px) 100vw, 300px\" \/><\/p>\n<p><span style=\"font-weight: 400;\">Dois munic\u00edpios cearenses ter\u00e3o \u00a0novas elei\u00e7\u00f5es em junho. O Pleno do Tribunal Regional Eleitoral do Cear\u00e1 (TRE-CE) aprovou resolu\u00e7\u00e3o que confirma para o dia 3 de junho a realiza\u00e7\u00e3o de novas elei\u00e7\u00f5es em Tiangu\u00e1, na Serra da Ibiapaba, e Umari, na regi\u00e3o Centro-Sul, ap\u00f3s o afastamento dos gestores.<\/span><\/p>\n<p><span style=\"font-weight: 400;\">Em Tiangu\u00e1, a realiza\u00e7\u00e3o de novas elei\u00e7\u00f5es foi decidida quando a sess\u00e3o de julgamentos do TRE revogou a liminar que mantinha nos cargos o prefeito Luiz Menezes de Lima e do vice-prefeito Aroldo Cardoso Portela. <\/span><\/p>\n<p><span style=\"font-weight: 400;\">Na cidade de Umari, o TRE manteve a cassa\u00e7\u00e3o do diploma do ent\u00e3o prefeito Francisco Alexandre Barros Neto, e da vice-prefeita Laura do Carmo Lustosa Ribeira.<\/span><\/p>\n","protected":false},"excerpt":{"rendered":"<p>Dois munic\u00edpios cearenses ter\u00e3o \u00a0novas elei\u00e7\u00f5es em junho. O Pleno do Tribunal Regional Eleitoral do Cear\u00e1 (TRE-CE) aprovou resolu\u00e7\u00e3o que confirma para o dia 3 de junho a realiza\u00e7\u00e3o de novas elei\u00e7\u00f5es em Tiangu\u00e1, na Serra da Ibiapaba, e Umari, na regi\u00e3o Centro-Sul, ap\u00f3s o afastamento dos gestores. Em Tiangu\u00e1, a realiza\u00e7\u00e3o de novas elei\u00e7\u00f5es foi decidida quando a sess\u00e3o de julgamentos do TRE revogou a liminar que mantinha nos cargos o prefeito Luiz Menezes de Lima e do&hellip;<\/p>\n","protected":false},"author":1,"featured_media":0,"comment_status":"open","ping_status":"open","sticky":false,"template":"","format":"standard","meta":{"footnotes":""},"categories":[1],"tags":[],"class_list":["post-8744","post","type-post","status-publish","format-standard","hentry","category-noticias"],"_links":{"self":[{"href":"https:\/\/blogdorogeriogomes.com.br\/noticias\/wp-json\/wp\/v2\/posts\/8744","targetHints":{"allow":["GET"]}}],"collection":[{"href":"https:\/\/blogdorogeriogomes.com.br\/noticias\/wp-json\/wp\/v2\/posts"}],"about":[{"href":"https:\/\/blogdorogeriogomes.com.br\/noticias\/wp-json\/wp\/v2\/types\/post"}],"author":[{"embeddable":true,"href":"https:\/\/blogdorogeriogomes.com.br\/noticias\/wp-json\/wp\/v2\/users\/1"}],"replies":[{"embeddable":true,"href":"https:\/\/blogdorogeriogomes.com.br\/noticias\/wp-json\/wp\/v2\/comments?post=8744"}],"version-history":[{"count":1,"href":"https:\/\/blogdorogeriogomes.com.br\/noticias\/wp-json\/wp\/v2\/posts\/8744\/revisions"}],"predecessor-version":[{"id":8746,"href":"https:\/\/blogdorogeriogomes.com.br\/noticias\/wp-json\/wp\/v2\/posts\/8744\/revisions\/8746"}],"wp:attachment":[{"href":"https:\/\/blogdorogeriogomes.com.br\/noticias\/wp-json\/wp\/v2\/media?parent=8744"}],"wp:term":[{"taxonomy":"category","embeddable":true,"href":"https:\/\/blogdorogeriogomes.com.br\/noticias\/wp-json\/wp\/v2\/categories?post=8744"},{"taxonomy":"post_tag","embeddable":true,"href":"https:\/\/blogdorogeriogomes.com.br\/noticias\/wp-json\/wp\/v2\/tags?post=8744"}],"curies":[{"name":"wp","href":"https:\/\/api.w.org\/{rel}","templated":true}]}}