{"id":8767,"date":"2018-04-11T21:36:55","date_gmt":"2018-04-11T21:36:55","guid":{"rendered":"http:\/\/blogdorogeriogomes.com.br\/?p=8767"},"modified":"2018-04-11T21:36:55","modified_gmt":"2018-04-11T21:36:55","slug":"azeredo-alckmin-e-aecio-podem-ser-os-proximos-na-mira-da-justica","status":"publish","type":"post","link":"https:\/\/blogdorogeriogomes.com.br\/noticias\/2018\/04\/azeredo-alckmin-e-aecio-podem-ser-os-proximos-na-mira-da-justica\/","title":{"rendered":"Azeredo, Alckmin e A\u00e9cio podem ser os pr\u00f3ximos na mira da Justi\u00e7a"},"content":{"rendered":"<p><img loading=\"lazy\" decoding=\"async\" class=\"alignnone size-medium wp-image-8768\" src=\"http:\/\/blogdorogeriogomes.com.br\/wp-content\/uploads\/2018\/04\/images-13-300x200.jpeg\" alt=\"images (13)\" width=\"300\" height=\"200\" srcset=\"https:\/\/blogdorogeriogomes.com.br\/noticias\/wp-content\/uploads\/2018\/04\/images-13-300x200.jpeg 300w, https:\/\/blogdorogeriogomes.com.br\/noticias\/wp-content\/uploads\/2018\/04\/images-13.jpeg 470w\" sizes=\"auto, (max-width: 300px) 100vw, 300px\" \/><\/p>\n<p><span style=\"font-weight: 400;\">Ap\u00f3s a pris\u00e3o do ex-presidente Lula, cresce a expectativa que a Justi\u00e7a mostre celeridade nos processos que envolvem tr\u00eas integrantes do PSDB. E n\u00e3o falta press\u00e3o em torno do fato.<\/span><\/p>\n<p><span style=\"font-weight: 400;\">O primeiro deles \u00e9 o ex-governador de Minas Gerais, Eduardo Azeredo. Ele est\u00e1 a um recurso de ter a pena confirmada em segunda inst\u00e2ncia e pode come\u00e7ar a cumprir pena. Azeredo esteve \u00e0 frente do chamado mensal\u00e3o tucano ocorrido em 1998, que envolveu um esquema de financiamento ilegal de campanha para sua reelei\u00e7\u00e3o.<\/span><\/p>\n<p><span style=\"font-weight: 400;\">Outro tucano na mira da Justi\u00e7a \u00e9 A\u00e9cio Neves, que pode se tornar r\u00e9u porque a primeira turma do Supremo Tribunal Federal vai decidir se aceita ou n\u00e3o a den\u00fancia onde ele \u00e9 acusado dos crimes de corrup\u00e7\u00e3o e obstru\u00e7\u00e3o de Justi\u00e7a. <\/span><\/p>\n<p><span style=\"font-weight: 400;\">O governador licenciado de S\u00e3o Paulo, Geraldo Alckmin, quer ser candidato \u00e0 Presid\u00eancia da Rep\u00fablica. Se licenciou e perdeu o foro privilegiado. Resultado: a for\u00e7a-tarefa da Opera\u00e7\u00e3o Lava Jato em S\u00e3o Paulo pediu \u00e0 Procuradoria Geral da Rep\u00fablica que envie o inqu\u00e9rito sobre o governador licenciado Geraldo Alckmin para a primeira inst\u00e2ncia. O inqu\u00e9rito que est\u00e1 no STJ e que o MP quer apurar investiga se Alckmin recebeu R$ 10,7 milh\u00f5es da construtora Odebrecht para campanhas.<\/span><span style=\"font-weight: 400;\"><br \/>\n<\/span><span style=\"font-weight: 400;\">Um detalhe j\u00e1 chamou a aten\u00e7\u00e3o nesta quarta-feira, dia 11 \u00a0de abril. A Procuradoria Geral da Rep\u00fablica defendeu que o inqu\u00e9rito contra Geraldo Alckmin seja comandado pela Justi\u00e7a Eleitoral e que n\u00e3o fique a cargo da Opera\u00e7\u00e3o Lava Jato.<\/span><\/p>\n","protected":false},"excerpt":{"rendered":"<p>Ap\u00f3s a pris\u00e3o do ex-presidente Lula, cresce a expectativa que a Justi\u00e7a mostre celeridade nos processos que envolvem tr\u00eas integrantes do PSDB. E n\u00e3o falta press\u00e3o em torno do fato. O primeiro deles \u00e9 o ex-governador de Minas Gerais, Eduardo Azeredo. Ele est\u00e1 a um recurso de ter a pena confirmada em segunda inst\u00e2ncia e pode come\u00e7ar a cumprir pena. Azeredo esteve \u00e0 frente do chamado mensal\u00e3o tucano ocorrido em 1998, que envolveu um esquema de financiamento ilegal de&hellip;<\/p>\n","protected":false},"author":1,"featured_media":0,"comment_status":"open","ping_status":"open","sticky":false,"template":"","format":"standard","meta":{"footnotes":""},"categories":[1],"tags":[],"class_list":["post-8767","post","type-post","status-publish","format-standard","hentry","category-noticias"],"_links":{"self":[{"href":"https:\/\/blogdorogeriogomes.com.br\/noticias\/wp-json\/wp\/v2\/posts\/8767","targetHints":{"allow":["GET"]}}],"collection":[{"href":"https:\/\/blogdorogeriogomes.com.br\/noticias\/wp-json\/wp\/v2\/posts"}],"about":[{"href":"https:\/\/blogdorogeriogomes.com.br\/noticias\/wp-json\/wp\/v2\/types\/post"}],"author":[{"embeddable":true,"href":"https:\/\/blogdorogeriogomes.com.br\/noticias\/wp-json\/wp\/v2\/users\/1"}],"replies":[{"embeddable":true,"href":"https:\/\/blogdorogeriogomes.com.br\/noticias\/wp-json\/wp\/v2\/comments?post=8767"}],"version-history":[{"count":1,"href":"https:\/\/blogdorogeriogomes.com.br\/noticias\/wp-json\/wp\/v2\/posts\/8767\/revisions"}],"predecessor-version":[{"id":8769,"href":"https:\/\/blogdorogeriogomes.com.br\/noticias\/wp-json\/wp\/v2\/posts\/8767\/revisions\/8769"}],"wp:attachment":[{"href":"https:\/\/blogdorogeriogomes.com.br\/noticias\/wp-json\/wp\/v2\/media?parent=8767"}],"wp:term":[{"taxonomy":"category","embeddable":true,"href":"https:\/\/blogdorogeriogomes.com.br\/noticias\/wp-json\/wp\/v2\/categories?post=8767"},{"taxonomy":"post_tag","embeddable":true,"href":"https:\/\/blogdorogeriogomes.com.br\/noticias\/wp-json\/wp\/v2\/tags?post=8767"}],"curies":[{"name":"wp","href":"https:\/\/api.w.org\/{rel}","templated":true}]}}