{"id":8776,"date":"2018-04-12T09:38:29","date_gmt":"2018-04-12T09:38:29","guid":{"rendered":"http:\/\/blogdorogeriogomes.com.br\/?p=8776"},"modified":"2018-04-12T09:38:29","modified_gmt":"2018-04-12T09:38:29","slug":"convenio-vai-garantir-a-realizacao-de-3-600-cirurgias-de-catarata-em-fortaleza","status":"publish","type":"post","link":"https:\/\/blogdorogeriogomes.com.br\/noticias\/2018\/04\/convenio-vai-garantir-a-realizacao-de-3-600-cirurgias-de-catarata-em-fortaleza\/","title":{"rendered":"Conv\u00eanio vai garantir a realiza\u00e7\u00e3o de 3.600 cirurgias de catarata em Fortaleza"},"content":{"rendered":"<p><img loading=\"lazy\" decoding=\"async\" class=\"alignnone size-medium wp-image-8777\" src=\"http:\/\/blogdorogeriogomes.com.br\/wp-content\/uploads\/2018\/04\/unnamed-4-300x209.jpg\" alt=\"unnamed (4)\" width=\"300\" height=\"209\" srcset=\"https:\/\/blogdorogeriogomes.com.br\/noticias\/wp-content\/uploads\/2018\/04\/unnamed-4-300x209.jpg 300w, https:\/\/blogdorogeriogomes.com.br\/noticias\/wp-content\/uploads\/2018\/04\/unnamed-4.jpg 460w\" sizes=\"auto, (max-width: 300px) 100vw, 300px\" \/><\/p>\n<p><span style=\"font-weight: 400;\">A Secretaria de Sa\u00fade de Fortaleza confirmou a assinatura de conv\u00eanio para realiza\u00e7\u00e3o de 3.600 cirurgias de catarata exclusivamente para pacientes da Capital. Todas as cirurgias devem acontecer nos pr\u00f3ximos quatro meses. O conv\u00eanio foi poss\u00edvel ap\u00f3s repasse financeiro do Minist\u00e9rio da Sa\u00fade. <\/span><\/p>\n<p><span style=\"font-weight: 400;\">As institui\u00e7\u00f5es que v\u00e3o realizar os procedimentos s\u00e3o o Instituto dos Cegos, Instituto Clarear e a Funda\u00e7\u00e3o de Ci\u00eancia e Pesquisa Maria Ione Xerez Vasconcelos (Funcipe). A sele\u00e7\u00e3o dos pacientes se d\u00e1 atrav\u00e9s do sistema de regula\u00e7\u00e3o, ap\u00f3s consulta nos postos de sa\u00fade do Munic\u00edpio.<\/span><\/p>\n","protected":false},"excerpt":{"rendered":"<p>A Secretaria de Sa\u00fade de Fortaleza confirmou a assinatura de conv\u00eanio para realiza\u00e7\u00e3o de 3.600 cirurgias de catarata exclusivamente para pacientes da Capital. Todas as cirurgias devem acontecer nos pr\u00f3ximos quatro meses. O conv\u00eanio foi poss\u00edvel ap\u00f3s repasse financeiro do Minist\u00e9rio da Sa\u00fade. As institui\u00e7\u00f5es que v\u00e3o realizar os procedimentos s\u00e3o o Instituto dos Cegos, Instituto Clarear e a Funda\u00e7\u00e3o de Ci\u00eancia e Pesquisa Maria Ione Xerez Vasconcelos (Funcipe). A sele\u00e7\u00e3o dos pacientes se d\u00e1 atrav\u00e9s do sistema de&hellip;<\/p>\n","protected":false},"author":1,"featured_media":0,"comment_status":"open","ping_status":"open","sticky":false,"template":"","format":"standard","meta":{"footnotes":""},"categories":[1],"tags":[],"class_list":["post-8776","post","type-post","status-publish","format-standard","hentry","category-noticias"],"_links":{"self":[{"href":"https:\/\/blogdorogeriogomes.com.br\/noticias\/wp-json\/wp\/v2\/posts\/8776","targetHints":{"allow":["GET"]}}],"collection":[{"href":"https:\/\/blogdorogeriogomes.com.br\/noticias\/wp-json\/wp\/v2\/posts"}],"about":[{"href":"https:\/\/blogdorogeriogomes.com.br\/noticias\/wp-json\/wp\/v2\/types\/post"}],"author":[{"embeddable":true,"href":"https:\/\/blogdorogeriogomes.com.br\/noticias\/wp-json\/wp\/v2\/users\/1"}],"replies":[{"embeddable":true,"href":"https:\/\/blogdorogeriogomes.com.br\/noticias\/wp-json\/wp\/v2\/comments?post=8776"}],"version-history":[{"count":1,"href":"https:\/\/blogdorogeriogomes.com.br\/noticias\/wp-json\/wp\/v2\/posts\/8776\/revisions"}],"predecessor-version":[{"id":8778,"href":"https:\/\/blogdorogeriogomes.com.br\/noticias\/wp-json\/wp\/v2\/posts\/8776\/revisions\/8778"}],"wp:attachment":[{"href":"https:\/\/blogdorogeriogomes.com.br\/noticias\/wp-json\/wp\/v2\/media?parent=8776"}],"wp:term":[{"taxonomy":"category","embeddable":true,"href":"https:\/\/blogdorogeriogomes.com.br\/noticias\/wp-json\/wp\/v2\/categories?post=8776"},{"taxonomy":"post_tag","embeddable":true,"href":"https:\/\/blogdorogeriogomes.com.br\/noticias\/wp-json\/wp\/v2\/tags?post=8776"}],"curies":[{"name":"wp","href":"https:\/\/api.w.org\/{rel}","templated":true}]}}