{"id":8783,"date":"2018-04-12T22:19:10","date_gmt":"2018-04-12T22:19:10","guid":{"rendered":"http:\/\/blogdorogeriogomes.com.br\/?p=8783"},"modified":"2018-04-12T22:19:10","modified_gmt":"2018-04-12T22:19:10","slug":"stf-decide-manter-prisao-de-palocci-situacao-de-maluf-continua-pendente","status":"publish","type":"post","link":"https:\/\/blogdorogeriogomes.com.br\/noticias\/2018\/04\/stf-decide-manter-prisao-de-palocci-situacao-de-maluf-continua-pendente\/","title":{"rendered":"STF decide manter pris\u00e3o de Palocci. Situa\u00e7\u00e3o de Maluf continua pendente"},"content":{"rendered":"<p><span style=\"font-weight: 400;\">\u00a0<img loading=\"lazy\" decoding=\"async\" class=\"alignnone size-medium wp-image-8785\" src=\"http:\/\/blogdorogeriogomes.com.br\/wp-content\/uploads\/2018\/04\/images-16-300x182.jpeg\" alt=\"images (16)\" width=\"300\" height=\"182\" srcset=\"https:\/\/blogdorogeriogomes.com.br\/noticias\/wp-content\/uploads\/2018\/04\/images-16-300x182.jpeg 300w, https:\/\/blogdorogeriogomes.com.br\/noticias\/wp-content\/uploads\/2018\/04\/images-16.jpeg 492w\" sizes=\"auto, (max-width: 300px) 100vw, 300px\" \/><\/span><\/p>\n<p><span style=\"font-weight: 400;\">Por 7 votos a 4, o Supremo Tribunal Federal decidiu nesta quinta-feira, dia 12 de abril, n\u00e3o conceder habeas corpus para o ex-ministro Antonio Palocci, que continua preso. Os ministros Edson Fachin, Alexandre de Moraes, Lu\u00eds Barroso, Luiz Fux, Rosa Weber, Celso de Mello e C\u00e1rmen L\u00facia votaram contra a concess\u00e3o do habeas corpus, enquanto Dias Toffoli, Ricardo Lewandowski, Gilmar Mendes e Marco Aur\u00e9lio votaram por soltar Palocci.<\/span><\/p>\n<p><span style=\"font-weight: 400;\">Ant\u00f4nio Palocci est\u00e1 condenado por S\u00e9rgio Moro a 12 anos de pris\u00e3o por corrup\u00e7\u00e3o e lavagem de dinheiro e cumpre pris\u00e3o preventiva h\u00e1 mais de um ano e sete meses.<\/span><\/p>\n<p><span style=\"font-weight: 400;\">O STF tamb\u00e9m deveria ter analisado o habeas corpus do deputado federal Paulo Maluf. A presidente do STF, C\u00e1rmen L\u00facia, decidiu adiar o julgamento do habeas corpus para a pr\u00f3xima quarta-feira, dia 18. Maluf estava preso em Bras\u00edlia desde dezembro do ano passado. Os ministros v\u00e3o decidir se mant\u00eam ou derrubam a decis\u00e3o que permitiu a Maluf cumprir pena em casa em raz\u00e3o da piora, segundo a defesa, de seu quadro de sa\u00fade.<\/span><span style=\"font-weight: 400;\"><br \/>\n<\/span><\/p>\n","protected":false},"excerpt":{"rendered":"<p>\u00a0 Por 7 votos a 4, o Supremo Tribunal Federal decidiu nesta quinta-feira, dia 12 de abril, n\u00e3o conceder habeas corpus para o ex-ministro Antonio Palocci, que continua preso. Os ministros Edson Fachin, Alexandre de Moraes, Lu\u00eds Barroso, Luiz Fux, Rosa Weber, Celso de Mello e C\u00e1rmen L\u00facia votaram contra a concess\u00e3o do habeas corpus, enquanto Dias Toffoli, Ricardo Lewandowski, Gilmar Mendes e Marco Aur\u00e9lio votaram por soltar Palocci. Ant\u00f4nio Palocci est\u00e1 condenado por S\u00e9rgio Moro a 12 anos&hellip;<\/p>\n","protected":false},"author":1,"featured_media":0,"comment_status":"open","ping_status":"open","sticky":false,"template":"","format":"standard","meta":{"footnotes":""},"categories":[1],"tags":[],"class_list":["post-8783","post","type-post","status-publish","format-standard","hentry","category-noticias"],"_links":{"self":[{"href":"https:\/\/blogdorogeriogomes.com.br\/noticias\/wp-json\/wp\/v2\/posts\/8783","targetHints":{"allow":["GET"]}}],"collection":[{"href":"https:\/\/blogdorogeriogomes.com.br\/noticias\/wp-json\/wp\/v2\/posts"}],"about":[{"href":"https:\/\/blogdorogeriogomes.com.br\/noticias\/wp-json\/wp\/v2\/types\/post"}],"author":[{"embeddable":true,"href":"https:\/\/blogdorogeriogomes.com.br\/noticias\/wp-json\/wp\/v2\/users\/1"}],"replies":[{"embeddable":true,"href":"https:\/\/blogdorogeriogomes.com.br\/noticias\/wp-json\/wp\/v2\/comments?post=8783"}],"version-history":[{"count":1,"href":"https:\/\/blogdorogeriogomes.com.br\/noticias\/wp-json\/wp\/v2\/posts\/8783\/revisions"}],"predecessor-version":[{"id":8786,"href":"https:\/\/blogdorogeriogomes.com.br\/noticias\/wp-json\/wp\/v2\/posts\/8783\/revisions\/8786"}],"wp:attachment":[{"href":"https:\/\/blogdorogeriogomes.com.br\/noticias\/wp-json\/wp\/v2\/media?parent=8783"}],"wp:term":[{"taxonomy":"category","embeddable":true,"href":"https:\/\/blogdorogeriogomes.com.br\/noticias\/wp-json\/wp\/v2\/categories?post=8783"},{"taxonomy":"post_tag","embeddable":true,"href":"https:\/\/blogdorogeriogomes.com.br\/noticias\/wp-json\/wp\/v2\/tags?post=8783"}],"curies":[{"name":"wp","href":"https:\/\/api.w.org\/{rel}","templated":true}]}}