{"id":8787,"date":"2018-04-13T10:29:34","date_gmt":"2018-04-13T10:29:34","guid":{"rendered":"http:\/\/blogdorogeriogomes.com.br\/?p=8787"},"modified":"2018-04-13T10:29:34","modified_gmt":"2018-04-13T10:29:34","slug":"seminario-na-assembleia-legislativa-debate-transposicao-e-revitalizacao-do-sao-francisco","status":"publish","type":"post","link":"https:\/\/blogdorogeriogomes.com.br\/noticias\/2018\/04\/seminario-na-assembleia-legislativa-debate-transposicao-e-revitalizacao-do-sao-francisco\/","title":{"rendered":"Semin\u00e1rio na Assembleia Legislativa debate transposi\u00e7\u00e3o e revitaliza\u00e7\u00e3o do S\u00e3o Francisco"},"content":{"rendered":"<p><img loading=\"lazy\" decoding=\"async\" class=\"alignnone size-medium wp-image-8788\" src=\"http:\/\/blogdorogeriogomes.com.br\/wp-content\/uploads\/2018\/04\/transposi\u00e7\u00e3o-do-rio-s\u00e3o-francisco-580x387_1.jpg.554x318_q85_crop-1-300x172.jpg\" alt=\"transposi\u00e7\u00e3o-do-rio-s\u00e3o-francisco-580x387_1.jpg.554x318_q85_crop-1\" width=\"300\" height=\"172\" srcset=\"https:\/\/blogdorogeriogomes.com.br\/noticias\/wp-content\/uploads\/2018\/04\/transposi\u00e7\u00e3o-do-rio-s\u00e3o-francisco-580x387_1.jpg.554x318_q85_crop-1-300x172.jpg 300w, https:\/\/blogdorogeriogomes.com.br\/noticias\/wp-content\/uploads\/2018\/04\/transposi\u00e7\u00e3o-do-rio-s\u00e3o-francisco-580x387_1.jpg.554x318_q85_crop-1.jpg 554w\" sizes=\"auto, (max-width: 300px) 100vw, 300px\" \/><\/p>\n<p><span style=\"font-weight: 400;\">A Comiss\u00e3o Externa da C\u00e2mara Federal que acompanha as obras de transposi\u00e7\u00e3o das \u00e0guas do Rio S\u00e3o Francisco promove nesta segunda-feira, dia 16 de abril, na Assembleia Legislativa do Cear\u00e1, um semin\u00e1rio para discutir a revitaliza\u00e7\u00e3o do Rio S\u00e3o Francisco e as obras de saneamento ao longo do canal. Tamb\u00e9m dever\u00e3o ser abordadas as pol\u00eamicas da gest\u00e3o e do custo da \u00e1gua e o prazo para a conclus\u00e3o do Eixo Norte, respons\u00e1vel pelo abastecimento dos munic\u00edpios cearenses. <\/span><\/p>\n<p><span style=\"font-weight: 400;\">A comiss\u00e3o \u00e9 presidida pelo deputado federal Raimundo Gomes de Matos (PSDB). O encontro deve ter a presen\u00e7a de v\u00e1rios pol\u00edticos. Na Assembleia Legislativa, tamb\u00e9m h\u00e1 uma Comiss\u00e3o Especial da Transposi\u00e7\u00e3o do Rio S\u00e3o Francisco, que \u00e9 presidida pelo deputado estadual Carlos Matos.<\/span><\/p>\n","protected":false},"excerpt":{"rendered":"<p>A Comiss\u00e3o Externa da C\u00e2mara Federal que acompanha as obras de transposi\u00e7\u00e3o das \u00e0guas do Rio S\u00e3o Francisco promove nesta segunda-feira, dia 16 de abril, na Assembleia Legislativa do Cear\u00e1, um semin\u00e1rio para discutir a revitaliza\u00e7\u00e3o do Rio S\u00e3o Francisco e as obras de saneamento ao longo do canal. Tamb\u00e9m dever\u00e3o ser abordadas as pol\u00eamicas da gest\u00e3o e do custo da \u00e1gua e o prazo para a conclus\u00e3o do Eixo Norte, respons\u00e1vel pelo abastecimento dos munic\u00edpios cearenses. A comiss\u00e3o&hellip;<\/p>\n","protected":false},"author":1,"featured_media":0,"comment_status":"open","ping_status":"open","sticky":false,"template":"","format":"standard","meta":{"footnotes":""},"categories":[1],"tags":[],"class_list":["post-8787","post","type-post","status-publish","format-standard","hentry","category-noticias"],"_links":{"self":[{"href":"https:\/\/blogdorogeriogomes.com.br\/noticias\/wp-json\/wp\/v2\/posts\/8787","targetHints":{"allow":["GET"]}}],"collection":[{"href":"https:\/\/blogdorogeriogomes.com.br\/noticias\/wp-json\/wp\/v2\/posts"}],"about":[{"href":"https:\/\/blogdorogeriogomes.com.br\/noticias\/wp-json\/wp\/v2\/types\/post"}],"author":[{"embeddable":true,"href":"https:\/\/blogdorogeriogomes.com.br\/noticias\/wp-json\/wp\/v2\/users\/1"}],"replies":[{"embeddable":true,"href":"https:\/\/blogdorogeriogomes.com.br\/noticias\/wp-json\/wp\/v2\/comments?post=8787"}],"version-history":[{"count":1,"href":"https:\/\/blogdorogeriogomes.com.br\/noticias\/wp-json\/wp\/v2\/posts\/8787\/revisions"}],"predecessor-version":[{"id":8789,"href":"https:\/\/blogdorogeriogomes.com.br\/noticias\/wp-json\/wp\/v2\/posts\/8787\/revisions\/8789"}],"wp:attachment":[{"href":"https:\/\/blogdorogeriogomes.com.br\/noticias\/wp-json\/wp\/v2\/media?parent=8787"}],"wp:term":[{"taxonomy":"category","embeddable":true,"href":"https:\/\/blogdorogeriogomes.com.br\/noticias\/wp-json\/wp\/v2\/categories?post=8787"},{"taxonomy":"post_tag","embeddable":true,"href":"https:\/\/blogdorogeriogomes.com.br\/noticias\/wp-json\/wp\/v2\/tags?post=8787"}],"curies":[{"name":"wp","href":"https:\/\/api.w.org\/{rel}","templated":true}]}}