{"id":8818,"date":"2018-04-16T21:01:18","date_gmt":"2018-04-16T21:01:18","guid":{"rendered":"http:\/\/blogdorogeriogomes.com.br\/?p=8818"},"modified":"2018-04-16T21:01:18","modified_gmt":"2018-04-16T21:01:18","slug":"justica-autoriza-visita-de-comissao-de-senadores-a-lula-nesta-terca-feira","status":"publish","type":"post","link":"https:\/\/blogdorogeriogomes.com.br\/noticias\/2018\/04\/justica-autoriza-visita-de-comissao-de-senadores-a-lula-nesta-terca-feira\/","title":{"rendered":"Justi\u00e7a autoriza visita de comiss\u00e3o de senadores a Lula nesta ter\u00e7a-feira"},"content":{"rendered":"<p><img loading=\"lazy\" decoding=\"async\" class=\"alignnone size-medium wp-image-8819\" src=\"http:\/\/blogdorogeriogomes.com.br\/wp-content\/uploads\/2018\/04\/unnamed-7-300x200.jpg\" alt=\"unnamed (7)\" width=\"300\" height=\"200\" srcset=\"https:\/\/blogdorogeriogomes.com.br\/noticias\/wp-content\/uploads\/2018\/04\/unnamed-7-300x200.jpg 300w, https:\/\/blogdorogeriogomes.com.br\/noticias\/wp-content\/uploads\/2018\/04\/unnamed-7.jpg 470w\" sizes=\"auto, (max-width: 300px) 100vw, 300px\" \/><\/p>\n<p><span style=\"font-weight: 400;\">A Comiss\u00e3o de Direitos Humanos do Senado Federal recebeu autoriza\u00e7\u00e3o da ju\u00edza federal Carolina Lebbos, respons\u00e1vel pela cust\u00f3dia do ex-presidente Lula em Curitiba, para visit\u00e1-lo nesta ter\u00e7a-feira, dia 17 de abril. O objetivo da visita \u00e9 verificar as condi\u00e7\u00f5es de encarceramento do ex-presidente.<\/span><\/p>\n<p><span style=\"font-weight: 400;\">Integram a comiss\u00e3o, os senadores Regina Sousa (PT-PI), Paulo Paim (PT-RS), Vanessa Grazziotin (PCdoB-AM), Lindbergh Farias (PT-RJ), Gleisi Hoffmann (PT-PR), Roberto Requi\u00e3o (PMDB-PR), Paulo Rocha (PT-PA), Jo\u00e3o Capiberibe (PSB-AP), F\u00e1tima Bezerra (PT-RN), L\u00eddice da Mata (PSB-BA), Humberto Costa (PT-PE), Jos\u00e9 Pimentel (PT-CE), Telm\u00e1rio Mota (PTB-RR) e \u00c2ngela Portela (PDT-RR).<\/span><span style=\"font-weight: 400;\"><br \/>\n<\/span><span style=\"font-weight: 400;\">A ju\u00edza Carolina Lebbos tem em m\u00e3os ainda o pedido de visita a Lula feito por outros pol\u00edticos como o pr\u00e9-candidato do PDT \u00e0 Presid\u00eancia da Rep\u00fablica, Ciro Gomes; o presidente do PDT, Carlos Lupi; os deputados federais Andr\u00e9 Figueiredo (PDT-CE) e Zeca Dirceu (PT-PR); e o vereador paulistano e ex-senador Eduardo Suplicy (PT).<\/span><\/p>\n","protected":false},"excerpt":{"rendered":"<p>A Comiss\u00e3o de Direitos Humanos do Senado Federal recebeu autoriza\u00e7\u00e3o da ju\u00edza federal Carolina Lebbos, respons\u00e1vel pela cust\u00f3dia do ex-presidente Lula em Curitiba, para visit\u00e1-lo nesta ter\u00e7a-feira, dia 17 de abril. O objetivo da visita \u00e9 verificar as condi\u00e7\u00f5es de encarceramento do ex-presidente. Integram a comiss\u00e3o, os senadores Regina Sousa (PT-PI), Paulo Paim (PT-RS), Vanessa Grazziotin (PCdoB-AM), Lindbergh Farias (PT-RJ), Gleisi Hoffmann (PT-PR), Roberto Requi\u00e3o (PMDB-PR), Paulo Rocha (PT-PA), Jo\u00e3o Capiberibe (PSB-AP), F\u00e1tima Bezerra (PT-RN), L\u00eddice da Mata (PSB-BA),&hellip;<\/p>\n","protected":false},"author":1,"featured_media":0,"comment_status":"open","ping_status":"open","sticky":false,"template":"","format":"standard","meta":{"footnotes":""},"categories":[1],"tags":[],"class_list":["post-8818","post","type-post","status-publish","format-standard","hentry","category-noticias"],"_links":{"self":[{"href":"https:\/\/blogdorogeriogomes.com.br\/noticias\/wp-json\/wp\/v2\/posts\/8818","targetHints":{"allow":["GET"]}}],"collection":[{"href":"https:\/\/blogdorogeriogomes.com.br\/noticias\/wp-json\/wp\/v2\/posts"}],"about":[{"href":"https:\/\/blogdorogeriogomes.com.br\/noticias\/wp-json\/wp\/v2\/types\/post"}],"author":[{"embeddable":true,"href":"https:\/\/blogdorogeriogomes.com.br\/noticias\/wp-json\/wp\/v2\/users\/1"}],"replies":[{"embeddable":true,"href":"https:\/\/blogdorogeriogomes.com.br\/noticias\/wp-json\/wp\/v2\/comments?post=8818"}],"version-history":[{"count":1,"href":"https:\/\/blogdorogeriogomes.com.br\/noticias\/wp-json\/wp\/v2\/posts\/8818\/revisions"}],"predecessor-version":[{"id":8820,"href":"https:\/\/blogdorogeriogomes.com.br\/noticias\/wp-json\/wp\/v2\/posts\/8818\/revisions\/8820"}],"wp:attachment":[{"href":"https:\/\/blogdorogeriogomes.com.br\/noticias\/wp-json\/wp\/v2\/media?parent=8818"}],"wp:term":[{"taxonomy":"category","embeddable":true,"href":"https:\/\/blogdorogeriogomes.com.br\/noticias\/wp-json\/wp\/v2\/categories?post=8818"},{"taxonomy":"post_tag","embeddable":true,"href":"https:\/\/blogdorogeriogomes.com.br\/noticias\/wp-json\/wp\/v2\/tags?post=8818"}],"curies":[{"name":"wp","href":"https:\/\/api.w.org\/{rel}","templated":true}]}}