{"id":8835,"date":"2018-04-18T08:55:52","date_gmt":"2018-04-18T08:55:52","guid":{"rendered":"http:\/\/blogdorogeriogomes.com.br\/?p=8835"},"modified":"2018-04-18T08:55:52","modified_gmt":"2018-04-18T08:55:52","slug":"casos-de-gripe-h1n1-ja-provocaram-tres-mortes-no-ceara-em-2018","status":"publish","type":"post","link":"https:\/\/blogdorogeriogomes.com.br\/noticias\/2018\/04\/casos-de-gripe-h1n1-ja-provocaram-tres-mortes-no-ceara-em-2018\/","title":{"rendered":"Casos de gripe H1N1 j\u00e1 provocaram tr\u00eas mortes no Cear\u00e1 em 2018"},"content":{"rendered":"<p><img loading=\"lazy\" decoding=\"async\" class=\"size-medium wp-image-8836\" src=\"http:\/\/blogdorogeriogomes.com.br\/wp-content\/uploads\/2018\/04\/image-1-1-300x200.jpg\" alt=\"30 DE ABRIL DE 2016  -  CAMPANHA DE VACINA  - CIDADE - 18ci0383  -  NATINHO RODRIGUES\" width=\"300\" height=\"200\" srcset=\"https:\/\/blogdorogeriogomes.com.br\/noticias\/wp-content\/uploads\/2018\/04\/image-1-1-300x200.jpg 300w, https:\/\/blogdorogeriogomes.com.br\/noticias\/wp-content\/uploads\/2018\/04\/image-1-1-768x512.jpg 768w, https:\/\/blogdorogeriogomes.com.br\/noticias\/wp-content\/uploads\/2018\/04\/image-1-1.jpg 800w\" sizes=\"auto, (max-width: 300px) 100vw, 300px\" \/><\/p>\n<p><span style=\"font-weight: 400;\">Autoridades de sa\u00fade no Cear\u00e1 voltaram a ficar em alerta com o aparecimento de casos de gripe H1N1. O v\u00edrus \u00e9 o mesmo da epidemia mundial de 2009, que ficou conhecida como &#8220;gripe su\u00edna&#8221;. Tr\u00eas pessoas no Cear\u00e1 j\u00e1 morreram este ano em decorr\u00eancia da doen\u00e7a.<\/span><\/p>\n<p><span style=\"font-weight: 400;\">A Secretaria de Sa\u00fade do Estado confirma mais sete casos da gripe H1N1. No total, s\u00e3o 34 registros este ano no Cear\u00e1, com taxa de mortalidade que chega a 42%. As gripes causadas por Influenza A e H1N1 podem causar febre alta e dificuldades para respirar causadas por infec\u00e7\u00f5es. Apresentados os sintomas, \u00e9 preciso procurar atendimento m\u00e9dico. <\/span><\/p>\n","protected":false},"excerpt":{"rendered":"<p>Autoridades de sa\u00fade no Cear\u00e1 voltaram a ficar em alerta com o aparecimento de casos de gripe H1N1. O v\u00edrus \u00e9 o mesmo da epidemia mundial de 2009, que ficou conhecida como &#8220;gripe su\u00edna&#8221;. Tr\u00eas pessoas no Cear\u00e1 j\u00e1 morreram este ano em decorr\u00eancia da doen\u00e7a. A Secretaria de Sa\u00fade do Estado confirma mais sete casos da gripe H1N1. No total, s\u00e3o 34 registros este ano no Cear\u00e1, com taxa de mortalidade que chega a 42%. As gripes causadas&hellip;<\/p>\n","protected":false},"author":1,"featured_media":0,"comment_status":"open","ping_status":"open","sticky":false,"template":"","format":"standard","meta":{"footnotes":""},"categories":[1],"tags":[],"class_list":["post-8835","post","type-post","status-publish","format-standard","hentry","category-noticias"],"_links":{"self":[{"href":"https:\/\/blogdorogeriogomes.com.br\/noticias\/wp-json\/wp\/v2\/posts\/8835","targetHints":{"allow":["GET"]}}],"collection":[{"href":"https:\/\/blogdorogeriogomes.com.br\/noticias\/wp-json\/wp\/v2\/posts"}],"about":[{"href":"https:\/\/blogdorogeriogomes.com.br\/noticias\/wp-json\/wp\/v2\/types\/post"}],"author":[{"embeddable":true,"href":"https:\/\/blogdorogeriogomes.com.br\/noticias\/wp-json\/wp\/v2\/users\/1"}],"replies":[{"embeddable":true,"href":"https:\/\/blogdorogeriogomes.com.br\/noticias\/wp-json\/wp\/v2\/comments?post=8835"}],"version-history":[{"count":1,"href":"https:\/\/blogdorogeriogomes.com.br\/noticias\/wp-json\/wp\/v2\/posts\/8835\/revisions"}],"predecessor-version":[{"id":8837,"href":"https:\/\/blogdorogeriogomes.com.br\/noticias\/wp-json\/wp\/v2\/posts\/8835\/revisions\/8837"}],"wp:attachment":[{"href":"https:\/\/blogdorogeriogomes.com.br\/noticias\/wp-json\/wp\/v2\/media?parent=8835"}],"wp:term":[{"taxonomy":"category","embeddable":true,"href":"https:\/\/blogdorogeriogomes.com.br\/noticias\/wp-json\/wp\/v2\/categories?post=8835"},{"taxonomy":"post_tag","embeddable":true,"href":"https:\/\/blogdorogeriogomes.com.br\/noticias\/wp-json\/wp\/v2\/tags?post=8835"}],"curies":[{"name":"wp","href":"https:\/\/api.w.org\/{rel}","templated":true}]}}