{"id":8869,"date":"2018-04-20T09:07:57","date_gmt":"2018-04-20T09:07:57","guid":{"rendered":"http:\/\/blogdorogeriogomes.com.br\/?p=8869"},"modified":"2018-04-20T09:07:57","modified_gmt":"2018-04-20T09:07:57","slug":"maluf-ganha-prisao-domiciliar-jose-dirceu-perde-recurso-e-vai-voltar-pra-cadeia","status":"publish","type":"post","link":"https:\/\/blogdorogeriogomes.com.br\/noticias\/2018\/04\/maluf-ganha-prisao-domiciliar-jose-dirceu-perde-recurso-e-vai-voltar-pra-cadeia\/","title":{"rendered":"Maluf ganha pris\u00e3o domiciliar; Jos\u00e9 Dirceu perde recurso e vai voltar pra cadeia"},"content":{"rendered":"<p><img loading=\"lazy\" decoding=\"async\" class=\"alignnone size-medium wp-image-8871\" src=\"http:\/\/blogdorogeriogomes.com.br\/wp-content\/uploads\/2018\/04\/IMG_20180420_060711-300x161.jpg\" alt=\"IMG_20180420_060711\" width=\"300\" height=\"161\" srcset=\"https:\/\/blogdorogeriogomes.com.br\/noticias\/wp-content\/uploads\/2018\/04\/IMG_20180420_060711-300x161.jpg 300w, https:\/\/blogdorogeriogomes.com.br\/noticias\/wp-content\/uploads\/2018\/04\/IMG_20180420_060711-768x412.jpg 768w, https:\/\/blogdorogeriogomes.com.br\/noticias\/wp-content\/uploads\/2018\/04\/IMG_20180420_060711-1024x550.jpg 1024w, https:\/\/blogdorogeriogomes.com.br\/noticias\/wp-content\/uploads\/2018\/04\/IMG_20180420_060711.jpg 1172w\" sizes=\"auto, (max-width: 300px) 100vw, 300px\" \/><\/p>\n<p><span style=\"font-weight: 400;\">Decis\u00f5es judiciais garantiram a manuten\u00e7\u00e3o da pris\u00e3o domiciliar para o deputado afastado Paulo Maluf (PP-SP) e o retorno do ex-ministro Jos\u00e9 Dirceu (PT) \u00e0 pris\u00e3o.<\/span><\/p>\n<p><span style=\"font-weight: 400;\">Maluf teve uma vit\u00f3ria e uma derrota, no Supremo Tribunal Federal (STF). O ministro Edson Fachin manteve Maluf em pris\u00e3o domiciliar em S\u00e3o Paulo, devido a seu debilitado estado de sa\u00fade, como queria a defesa. Por outro lado, o plen\u00e1rio do STF negou ao deputado o direito a apresentar embargos infringentes (tipo de recurso) contra sua condena\u00e7\u00e3o por lavagem de dinheiro.<\/span><\/p>\n<p><span style=\"font-weight: 400;\">O TRF-4 (Tribunal Regional Federal da 4\u00aa Regi\u00e3o) manteve a condena\u00e7\u00e3o do ex-ministro Jos\u00e9 Dirceu a 30 anos e nove meses de pris\u00e3o. Os ju\u00edzes tamb\u00e9m determinaram a execu\u00e7\u00e3o provis\u00f3ria da pena com o esgotamento do processo na segunda inst\u00e2ncia.<\/span><\/p>\n","protected":false},"excerpt":{"rendered":"<p>Decis\u00f5es judiciais garantiram a manuten\u00e7\u00e3o da pris\u00e3o domiciliar para o deputado afastado Paulo Maluf (PP-SP) e o retorno do ex-ministro Jos\u00e9 Dirceu (PT) \u00e0 pris\u00e3o. Maluf teve uma vit\u00f3ria e uma derrota, no Supremo Tribunal Federal (STF). O ministro Edson Fachin manteve Maluf em pris\u00e3o domiciliar em S\u00e3o Paulo, devido a seu debilitado estado de sa\u00fade, como queria a defesa. Por outro lado, o plen\u00e1rio do STF negou ao deputado o direito a apresentar embargos infringentes (tipo de recurso)&hellip;<\/p>\n","protected":false},"author":1,"featured_media":0,"comment_status":"open","ping_status":"open","sticky":false,"template":"","format":"standard","meta":{"footnotes":""},"categories":[1],"tags":[],"class_list":["post-8869","post","type-post","status-publish","format-standard","hentry","category-noticias"],"_links":{"self":[{"href":"https:\/\/blogdorogeriogomes.com.br\/noticias\/wp-json\/wp\/v2\/posts\/8869","targetHints":{"allow":["GET"]}}],"collection":[{"href":"https:\/\/blogdorogeriogomes.com.br\/noticias\/wp-json\/wp\/v2\/posts"}],"about":[{"href":"https:\/\/blogdorogeriogomes.com.br\/noticias\/wp-json\/wp\/v2\/types\/post"}],"author":[{"embeddable":true,"href":"https:\/\/blogdorogeriogomes.com.br\/noticias\/wp-json\/wp\/v2\/users\/1"}],"replies":[{"embeddable":true,"href":"https:\/\/blogdorogeriogomes.com.br\/noticias\/wp-json\/wp\/v2\/comments?post=8869"}],"version-history":[{"count":1,"href":"https:\/\/blogdorogeriogomes.com.br\/noticias\/wp-json\/wp\/v2\/posts\/8869\/revisions"}],"predecessor-version":[{"id":8872,"href":"https:\/\/blogdorogeriogomes.com.br\/noticias\/wp-json\/wp\/v2\/posts\/8869\/revisions\/8872"}],"wp:attachment":[{"href":"https:\/\/blogdorogeriogomes.com.br\/noticias\/wp-json\/wp\/v2\/media?parent=8869"}],"wp:term":[{"taxonomy":"category","embeddable":true,"href":"https:\/\/blogdorogeriogomes.com.br\/noticias\/wp-json\/wp\/v2\/categories?post=8869"},{"taxonomy":"post_tag","embeddable":true,"href":"https:\/\/blogdorogeriogomes.com.br\/noticias\/wp-json\/wp\/v2\/tags?post=8869"}],"curies":[{"name":"wp","href":"https:\/\/api.w.org\/{rel}","templated":true}]}}