{"id":8880,"date":"2018-04-21T11:36:23","date_gmt":"2018-04-21T11:36:23","guid":{"rendered":"http:\/\/blogdorogeriogomes.com.br\/?p=8880"},"modified":"2018-04-21T11:36:23","modified_gmt":"2018-04-21T11:36:23","slug":"justica-determina-ilegalidade-da-greve-dos-professores-municipais-em-fortaleza","status":"publish","type":"post","link":"https:\/\/blogdorogeriogomes.com.br\/noticias\/2018\/04\/justica-determina-ilegalidade-da-greve-dos-professores-municipais-em-fortaleza\/","title":{"rendered":"Justi\u00e7a determina ilegalidade da greve dos professores municipais em Fortaleza"},"content":{"rendered":"<p><img loading=\"lazy\" decoding=\"async\" class=\"alignnone size-medium wp-image-8882\" src=\"http:\/\/blogdorogeriogomes.com.br\/wp-content\/uploads\/2018\/04\/IMG_20180421_083547-300x231.jpg\" alt=\"IMG_20180421_083547\" width=\"300\" height=\"231\" srcset=\"https:\/\/blogdorogeriogomes.com.br\/noticias\/wp-content\/uploads\/2018\/04\/IMG_20180421_083547-300x231.jpg 300w, https:\/\/blogdorogeriogomes.com.br\/noticias\/wp-content\/uploads\/2018\/04\/IMG_20180421_083547-768x591.jpg 768w, https:\/\/blogdorogeriogomes.com.br\/noticias\/wp-content\/uploads\/2018\/04\/IMG_20180421_083547.jpg 902w\" sizes=\"auto, (max-width: 300px) 100vw, 300px\" \/><\/p>\n<p><span style=\"font-weight: 400;\">A Justi\u00e7a considerou ilegal a greve dos professores municipais em Fortaleza. A desembargadora Lisete de Sousa Gadelha, do Tribunal de Justi\u00e7a do Cear\u00e1, determinou o retorno imediato ao trabalho dos professores da rede municipal. A categoria est\u00e1 em greve desde a \u00faltima quarta-feira, dia 18 de abril, reivindicando reajuste salarial.<\/span><span style=\"font-weight: 400;\"><br \/>\n<\/span><span style=\"font-weight: 400;\">Na decis\u00e3o, a desembargadora definiu que os grevistas n\u00e3o podem impedir a entrada de alunos, servidores e demais professores nas escolas da Capital. Em caso de descumprimento da decis\u00e3o, dever\u00e1 ser pago uma multa de R$ 10 mil por dia.<\/span><\/p>\n","protected":false},"excerpt":{"rendered":"<p>A Justi\u00e7a considerou ilegal a greve dos professores municipais em Fortaleza. A desembargadora Lisete de Sousa Gadelha, do Tribunal de Justi\u00e7a do Cear\u00e1, determinou o retorno imediato ao trabalho dos professores da rede municipal. A categoria est\u00e1 em greve desde a \u00faltima quarta-feira, dia 18 de abril, reivindicando reajuste salarial. Na decis\u00e3o, a desembargadora definiu que os grevistas n\u00e3o podem impedir a entrada de alunos, servidores e demais professores nas escolas da Capital. Em caso de descumprimento da decis\u00e3o,&hellip;<\/p>\n","protected":false},"author":1,"featured_media":0,"comment_status":"open","ping_status":"open","sticky":false,"template":"","format":"standard","meta":{"footnotes":""},"categories":[1],"tags":[],"class_list":["post-8880","post","type-post","status-publish","format-standard","hentry","category-noticias"],"_links":{"self":[{"href":"https:\/\/blogdorogeriogomes.com.br\/noticias\/wp-json\/wp\/v2\/posts\/8880","targetHints":{"allow":["GET"]}}],"collection":[{"href":"https:\/\/blogdorogeriogomes.com.br\/noticias\/wp-json\/wp\/v2\/posts"}],"about":[{"href":"https:\/\/blogdorogeriogomes.com.br\/noticias\/wp-json\/wp\/v2\/types\/post"}],"author":[{"embeddable":true,"href":"https:\/\/blogdorogeriogomes.com.br\/noticias\/wp-json\/wp\/v2\/users\/1"}],"replies":[{"embeddable":true,"href":"https:\/\/blogdorogeriogomes.com.br\/noticias\/wp-json\/wp\/v2\/comments?post=8880"}],"version-history":[{"count":1,"href":"https:\/\/blogdorogeriogomes.com.br\/noticias\/wp-json\/wp\/v2\/posts\/8880\/revisions"}],"predecessor-version":[{"id":8883,"href":"https:\/\/blogdorogeriogomes.com.br\/noticias\/wp-json\/wp\/v2\/posts\/8880\/revisions\/8883"}],"wp:attachment":[{"href":"https:\/\/blogdorogeriogomes.com.br\/noticias\/wp-json\/wp\/v2\/media?parent=8880"}],"wp:term":[{"taxonomy":"category","embeddable":true,"href":"https:\/\/blogdorogeriogomes.com.br\/noticias\/wp-json\/wp\/v2\/categories?post=8880"},{"taxonomy":"post_tag","embeddable":true,"href":"https:\/\/blogdorogeriogomes.com.br\/noticias\/wp-json\/wp\/v2\/tags?post=8880"}],"curies":[{"name":"wp","href":"https:\/\/api.w.org\/{rel}","templated":true}]}}