{"id":8884,"date":"2018-04-23T09:10:43","date_gmt":"2018-04-23T09:10:43","guid":{"rendered":"http:\/\/blogdorogeriogomes.com.br\/?p=8884"},"modified":"2018-04-23T09:10:43","modified_gmt":"2018-04-23T09:10:43","slug":"presidenciavel-ciro-gomes-pode-ser-o-proximo-a-visitar-lula-na-prisao-em-curitiba","status":"publish","type":"post","link":"https:\/\/blogdorogeriogomes.com.br\/noticias\/2018\/04\/presidenciavel-ciro-gomes-pode-ser-o-proximo-a-visitar-lula-na-prisao-em-curitiba\/","title":{"rendered":"Presidenci\u00e1vel Ciro Gomes pode ser o pr\u00f3ximo a visitar Lula na pris\u00e3o em Curitiba"},"content":{"rendered":"<p><img loading=\"lazy\" decoding=\"async\" class=\"alignnone size-medium wp-image-8885\" src=\"http:\/\/blogdorogeriogomes.com.br\/wp-content\/uploads\/2018\/04\/images-3-1-300x226.jpeg\" alt=\"images (3)\" width=\"300\" height=\"226\" srcset=\"https:\/\/blogdorogeriogomes.com.br\/noticias\/wp-content\/uploads\/2018\/04\/images-3-1-300x226.jpeg 300w, https:\/\/blogdorogeriogomes.com.br\/noticias\/wp-content\/uploads\/2018\/04\/images-3-1.jpeg 442w\" sizes=\"auto, (max-width: 300px) 100vw, 300px\" \/><\/p>\n<p><span style=\"font-weight: 400;\">O pedetista Ciro Gomes continua suas articula\u00e7\u00f5es para a campanha \u00e0 Presid\u00eancia da Rep\u00fablica. E uma nova oportunidade para se aproximar do PT \u00e9 a visita que ele pretende fazer ao ex-presidente Lula, preso em Curitiba. O pr\u00f3prio Lula enviou uma carta \u00e0 ju\u00edza federal Carolina Lebbos, respons\u00e1vel pela cust\u00f3dia, onde manifestou o desejo de receber visita de Ciro.<\/span><\/p>\n<p><span style=\"font-weight: 400;\">Caso a visita seja autorizada, Ciro Gomes deve ser fazer acompanhar de Carlos Lupi, presidente nacional do PDT, e do deputado federal Andr\u00e9 Figueiredo, l\u00edder do PDT na C\u00e2mara.<\/span><\/p>\n<p><span style=\"font-weight: 400;\">Ciro Gomes quer buscar ser uma alternativa na corrida pelo Planalto diante da possibilidade de Lula n\u00e3o poder concorrer em outubro. O ex-prefeito de S\u00e3o Paulo, Fernando Haddad (PT), j\u00e1 foi cogitado por lideran\u00e7as pol\u00edticas para ser o vice de Ciro.<\/span><\/p>\n","protected":false},"excerpt":{"rendered":"<p>O pedetista Ciro Gomes continua suas articula\u00e7\u00f5es para a campanha \u00e0 Presid\u00eancia da Rep\u00fablica. E uma nova oportunidade para se aproximar do PT \u00e9 a visita que ele pretende fazer ao ex-presidente Lula, preso em Curitiba. O pr\u00f3prio Lula enviou uma carta \u00e0 ju\u00edza federal Carolina Lebbos, respons\u00e1vel pela cust\u00f3dia, onde manifestou o desejo de receber visita de Ciro. Caso a visita seja autorizada, Ciro Gomes deve ser fazer acompanhar de Carlos Lupi, presidente nacional do PDT, e do&hellip;<\/p>\n","protected":false},"author":1,"featured_media":0,"comment_status":"open","ping_status":"open","sticky":false,"template":"","format":"standard","meta":{"footnotes":""},"categories":[1],"tags":[],"class_list":["post-8884","post","type-post","status-publish","format-standard","hentry","category-noticias"],"_links":{"self":[{"href":"https:\/\/blogdorogeriogomes.com.br\/noticias\/wp-json\/wp\/v2\/posts\/8884","targetHints":{"allow":["GET"]}}],"collection":[{"href":"https:\/\/blogdorogeriogomes.com.br\/noticias\/wp-json\/wp\/v2\/posts"}],"about":[{"href":"https:\/\/blogdorogeriogomes.com.br\/noticias\/wp-json\/wp\/v2\/types\/post"}],"author":[{"embeddable":true,"href":"https:\/\/blogdorogeriogomes.com.br\/noticias\/wp-json\/wp\/v2\/users\/1"}],"replies":[{"embeddable":true,"href":"https:\/\/blogdorogeriogomes.com.br\/noticias\/wp-json\/wp\/v2\/comments?post=8884"}],"version-history":[{"count":1,"href":"https:\/\/blogdorogeriogomes.com.br\/noticias\/wp-json\/wp\/v2\/posts\/8884\/revisions"}],"predecessor-version":[{"id":8886,"href":"https:\/\/blogdorogeriogomes.com.br\/noticias\/wp-json\/wp\/v2\/posts\/8884\/revisions\/8886"}],"wp:attachment":[{"href":"https:\/\/blogdorogeriogomes.com.br\/noticias\/wp-json\/wp\/v2\/media?parent=8884"}],"wp:term":[{"taxonomy":"category","embeddable":true,"href":"https:\/\/blogdorogeriogomes.com.br\/noticias\/wp-json\/wp\/v2\/categories?post=8884"},{"taxonomy":"post_tag","embeddable":true,"href":"https:\/\/blogdorogeriogomes.com.br\/noticias\/wp-json\/wp\/v2\/tags?post=8884"}],"curies":[{"name":"wp","href":"https:\/\/api.w.org\/{rel}","templated":true}]}}