{"id":8890,"date":"2018-04-23T14:07:58","date_gmt":"2018-04-23T14:07:58","guid":{"rendered":"http:\/\/blogdorogeriogomes.com.br\/?p=8890"},"modified":"2018-04-23T14:07:58","modified_gmt":"2018-04-23T14:07:58","slug":"ministro-do-stf-luis-barroso-faz-palestra-em-fortaleza-e-destaca-avanco-no-combate-a-corrupcao","status":"publish","type":"post","link":"https:\/\/blogdorogeriogomes.com.br\/noticias\/2018\/04\/ministro-do-stf-luis-barroso-faz-palestra-em-fortaleza-e-destaca-avanco-no-combate-a-corrupcao\/","title":{"rendered":"Ministro do STF, Lu\u00eds Barroso, faz palestra em Fortaleza e destaca avan\u00e7o no combate \u00e0 corrup\u00e7\u00e3o"},"content":{"rendered":"<p><img loading=\"lazy\" decoding=\"async\" class=\"size-medium wp-image-8893\" src=\"http:\/\/blogdorogeriogomes.com.br\/wp-content\/uploads\/2018\/04\/BarrosoFolhapress-300x189.jpg\" alt=\"BRAS\u00cdLIA, DF - 09.11.2016:  BARROSO-ENTREVISTA - O ministro Lu\u00eds Roberto Barroso, do STF (Supremo Tribunal Federal), \u00e9 um defensor da Opera\u00e7\u00e3o Lava Jato e afirma que, para &quot;mudar um paradigma pervertido de absoluta impunidade&quot; no Brasil, n\u00e3o \u00e9 poss\u00edvel fazer &quot;mais do mesmo&quot;. Ele tamb\u00e9m defende o fim do foro privilegiado para autoridades e diz que \u00e9 preciso &quot;estar atento&quot; para que n\u00e3o prevale\u00e7a uma &quot;opera\u00e7\u00e3o abafa&quot; no pa\u00eds. (Foto: Pedro Ladeira\/Folhapress)\" width=\"300\" height=\"189\" srcset=\"https:\/\/blogdorogeriogomes.com.br\/noticias\/wp-content\/uploads\/2018\/04\/BarrosoFolhapress-300x189.jpg 300w, https:\/\/blogdorogeriogomes.com.br\/noticias\/wp-content\/uploads\/2018\/04\/BarrosoFolhapress.jpg 635w\" sizes=\"auto, (max-width: 300px) 100vw, 300px\" \/><\/p>\n<p>O ministro Lu\u00eds Roberto Barroso, do Supremo Tribunal Federal, participou nesta segunda-feira, dia 23 de abril, de evento na C\u00e2mara Municipal de Fortaleza. Ele falou para servidores, assessores e parlamentares sobre os 30 anos da promulga\u00e7\u00e3o da Constitui\u00e7\u00e3o Federal.<br \/>\nO audit\u00f3rio da C\u00e2mara Municipal de Fortaleza ficou lotado para a palestra do ministro Lu\u00eds Roberto Barroso, do Supremo Tribunal Federal. Ele veio \u00e0 Capital para mais uma etapa do Programa de Capacita\u00e7\u00e3o Continuada, que ajuda na qualifica\u00e7\u00e3o de servidores e assessores do Legislativo Municipal. O ministro abordou os palestra 30 anos da Promulga\u00e7\u00e3o da Constitui\u00e7\u00e3o de 1988.<br \/>\nNa passagem pela C\u00e2mara Municipal, Lu\u00eds Roberto Barroso tamb\u00e9m participou da reinaugura\u00e7\u00e3o da Biblioteca Jos\u00e9 de Alencar no Legislativo. O ministro do STF ainda lan\u00e7ou dois livros no plen\u00e1rio da Casa de sua autoria: \u201cUm outro pa\u00eds: transforma\u00e7\u00f5es no direito, na \u00e9tica e na agenda do Brasil\u201d e \u201cA Judicializa\u00e7\u00e3o da Vida e o Papel do Supremo Tribunal Federal\u201d.<br \/>\nO ministro do STF, Lu\u00eds Barroso, n\u00e3o concedeu entrevista aos jornalistas. Mas fez quest\u00e3o de ressaltar na palestra os avan\u00e7os no combate \u00e0 corrup\u00e7\u00e3o no Pa\u00eds. E mostrou otimismo em um Brasil melhor no futuro.<\/p>\n","protected":false},"excerpt":{"rendered":"<p>O ministro Lu\u00eds Roberto Barroso, do Supremo Tribunal Federal, participou nesta segunda-feira, dia 23 de abril, de evento na C\u00e2mara Municipal de Fortaleza. Ele falou para servidores, assessores e parlamentares sobre os 30 anos da promulga\u00e7\u00e3o da Constitui\u00e7\u00e3o Federal. O audit\u00f3rio da C\u00e2mara Municipal de Fortaleza ficou lotado para a palestra do ministro Lu\u00eds Roberto Barroso, do Supremo Tribunal Federal. Ele veio \u00e0 Capital para mais uma etapa do Programa de Capacita\u00e7\u00e3o Continuada, que ajuda na qualifica\u00e7\u00e3o de servidores&hellip;<\/p>\n","protected":false},"author":1,"featured_media":0,"comment_status":"open","ping_status":"open","sticky":false,"template":"","format":"standard","meta":{"footnotes":""},"categories":[1],"tags":[],"class_list":["post-8890","post","type-post","status-publish","format-standard","hentry","category-noticias"],"_links":{"self":[{"href":"https:\/\/blogdorogeriogomes.com.br\/noticias\/wp-json\/wp\/v2\/posts\/8890","targetHints":{"allow":["GET"]}}],"collection":[{"href":"https:\/\/blogdorogeriogomes.com.br\/noticias\/wp-json\/wp\/v2\/posts"}],"about":[{"href":"https:\/\/blogdorogeriogomes.com.br\/noticias\/wp-json\/wp\/v2\/types\/post"}],"author":[{"embeddable":true,"href":"https:\/\/blogdorogeriogomes.com.br\/noticias\/wp-json\/wp\/v2\/users\/1"}],"replies":[{"embeddable":true,"href":"https:\/\/blogdorogeriogomes.com.br\/noticias\/wp-json\/wp\/v2\/comments?post=8890"}],"version-history":[{"count":1,"href":"https:\/\/blogdorogeriogomes.com.br\/noticias\/wp-json\/wp\/v2\/posts\/8890\/revisions"}],"predecessor-version":[{"id":8894,"href":"https:\/\/blogdorogeriogomes.com.br\/noticias\/wp-json\/wp\/v2\/posts\/8890\/revisions\/8894"}],"wp:attachment":[{"href":"https:\/\/blogdorogeriogomes.com.br\/noticias\/wp-json\/wp\/v2\/media?parent=8890"}],"wp:term":[{"taxonomy":"category","embeddable":true,"href":"https:\/\/blogdorogeriogomes.com.br\/noticias\/wp-json\/wp\/v2\/categories?post=8890"},{"taxonomy":"post_tag","embeddable":true,"href":"https:\/\/blogdorogeriogomes.com.br\/noticias\/wp-json\/wp\/v2\/tags?post=8890"}],"curies":[{"name":"wp","href":"https:\/\/api.w.org\/{rel}","templated":true}]}}