{"id":8898,"date":"2018-04-24T08:54:26","date_gmt":"2018-04-24T08:54:26","guid":{"rendered":"http:\/\/blogdorogeriogomes.com.br\/?p=8898"},"modified":"2018-04-24T08:54:26","modified_gmt":"2018-04-24T08:54:26","slug":"governo-lanca-programa-para-evitar-a-evasao-escolar-no-interior-cearense","status":"publish","type":"post","link":"https:\/\/blogdorogeriogomes.com.br\/noticias\/2018\/04\/governo-lanca-programa-para-evitar-a-evasao-escolar-no-interior-cearense\/","title":{"rendered":"Governo lan\u00e7a programa para evitar a evas\u00e3o escolar no interior cearense"},"content":{"rendered":"<p><img loading=\"lazy\" decoding=\"async\" class=\"alignnone size-medium wp-image-8900\" src=\"http:\/\/blogdorogeriogomes.com.br\/wp-content\/uploads\/2018\/04\/IMG_20180424_055304-300x207.jpg\" alt=\"IMG_20180424_055304\" width=\"300\" height=\"207\" srcset=\"https:\/\/blogdorogeriogomes.com.br\/noticias\/wp-content\/uploads\/2018\/04\/IMG_20180424_055304-300x207.jpg 300w, https:\/\/blogdorogeriogomes.com.br\/noticias\/wp-content\/uploads\/2018\/04\/IMG_20180424_055304-768x529.jpg 768w, https:\/\/blogdorogeriogomes.com.br\/noticias\/wp-content\/uploads\/2018\/04\/IMG_20180424_055304.jpg 853w\" sizes=\"auto, (max-width: 300px) 100vw, 300px\" \/><\/p>\n<p>O Governo do Cear\u00e1 lan\u00e7ou o programa \u201cNem 1 aluno fora da escola\u201d, que tem o objetivo de garantir o acesso e a perman\u00eancia na escola de crian\u00e7as e adolescentes entre 4 e 17 anos.<br \/>\nO programa pretende mobilizar os munic\u00edpios para garantir a perman\u00eancia dos estudantes na escola. Prefeitos dos 184 munic\u00edpios cearenses estiveram presentes ao evento e assinaram termo de compromisso neste sentido.<br \/>\nA Secretaria de Educa\u00e7\u00e3o do Estado montou o programa em dois eixos: um de preven\u00e7\u00e3o ao abandono escolar e outro de inser\u00e7\u00e3o no sistema educacional de jovens que j\u00e1 se encontram ausentes das unidades de ensino.<br \/>\nA rede p\u00fablica estadual de ensino no Cear\u00e1 apresentou uma redu\u00e7\u00e3o hist\u00f3rica do abandono escolar nos \u00faltimos 10 anos. A taxa em 2007 alcan\u00e7ou os 16,4% baixando para 6,6% no ano passado.<\/p>\n","protected":false},"excerpt":{"rendered":"<p>O Governo do Cear\u00e1 lan\u00e7ou o programa \u201cNem 1 aluno fora da escola\u201d, que tem o objetivo de garantir o acesso e a perman\u00eancia na escola de crian\u00e7as e adolescentes entre 4 e 17 anos. O programa pretende mobilizar os munic\u00edpios para garantir a perman\u00eancia dos estudantes na escola. Prefeitos dos 184 munic\u00edpios cearenses estiveram presentes ao evento e assinaram termo de compromisso neste sentido. A Secretaria de Educa\u00e7\u00e3o do Estado montou o programa em dois eixos: um de&hellip;<\/p>\n","protected":false},"author":1,"featured_media":0,"comment_status":"open","ping_status":"open","sticky":false,"template":"","format":"standard","meta":{"footnotes":""},"categories":[1],"tags":[],"class_list":["post-8898","post","type-post","status-publish","format-standard","hentry","category-noticias"],"_links":{"self":[{"href":"https:\/\/blogdorogeriogomes.com.br\/noticias\/wp-json\/wp\/v2\/posts\/8898","targetHints":{"allow":["GET"]}}],"collection":[{"href":"https:\/\/blogdorogeriogomes.com.br\/noticias\/wp-json\/wp\/v2\/posts"}],"about":[{"href":"https:\/\/blogdorogeriogomes.com.br\/noticias\/wp-json\/wp\/v2\/types\/post"}],"author":[{"embeddable":true,"href":"https:\/\/blogdorogeriogomes.com.br\/noticias\/wp-json\/wp\/v2\/users\/1"}],"replies":[{"embeddable":true,"href":"https:\/\/blogdorogeriogomes.com.br\/noticias\/wp-json\/wp\/v2\/comments?post=8898"}],"version-history":[{"count":1,"href":"https:\/\/blogdorogeriogomes.com.br\/noticias\/wp-json\/wp\/v2\/posts\/8898\/revisions"}],"predecessor-version":[{"id":8901,"href":"https:\/\/blogdorogeriogomes.com.br\/noticias\/wp-json\/wp\/v2\/posts\/8898\/revisions\/8901"}],"wp:attachment":[{"href":"https:\/\/blogdorogeriogomes.com.br\/noticias\/wp-json\/wp\/v2\/media?parent=8898"}],"wp:term":[{"taxonomy":"category","embeddable":true,"href":"https:\/\/blogdorogeriogomes.com.br\/noticias\/wp-json\/wp\/v2\/categories?post=8898"},{"taxonomy":"post_tag","embeddable":true,"href":"https:\/\/blogdorogeriogomes.com.br\/noticias\/wp-json\/wp\/v2\/tags?post=8898"}],"curies":[{"name":"wp","href":"https:\/\/api.w.org\/{rel}","templated":true}]}}