{"id":8905,"date":"2018-04-24T22:00:53","date_gmt":"2018-04-24T22:00:53","guid":{"rendered":"http:\/\/blogdorogeriogomes.com.br\/?p=8905"},"modified":"2018-04-24T22:00:53","modified_gmt":"2018-04-24T22:00:53","slug":"ex-governador-tucano-tem-recurso-rejeitado-e-esta-a-caminho-da-prisao","status":"publish","type":"post","link":"https:\/\/blogdorogeriogomes.com.br\/noticias\/2018\/04\/ex-governador-tucano-tem-recurso-rejeitado-e-esta-a-caminho-da-prisao\/","title":{"rendered":"Ex-governador tucano tem recurso rejeitado e est\u00e1 a caminho da pris\u00e3o"},"content":{"rendered":"<p><img loading=\"lazy\" decoding=\"async\" class=\"alignnone size-medium wp-image-8906\" src=\"http:\/\/blogdorogeriogomes.com.br\/wp-content\/uploads\/2018\/04\/images-4-1-300x118.jpeg\" alt=\"images (4)\" width=\"300\" height=\"118\" srcset=\"https:\/\/blogdorogeriogomes.com.br\/noticias\/wp-content\/uploads\/2018\/04\/images-4-1-300x118.jpeg 300w, https:\/\/blogdorogeriogomes.com.br\/noticias\/wp-content\/uploads\/2018\/04\/images-4-1.jpeg 357w\" sizes=\"auto, (max-width: 300px) 100vw, 300px\" \/><\/p>\n<p>A candidatura do tucano Geraldo Alckmin come\u00e7a a sofrer desgastes para decolar nas pesquisas eleitorais para a Presid\u00eancia da Rep\u00fablica antes mesmo do seu registro. Primeiro foi o senador A\u00e9cio Neves que se tornou r\u00e9u no STF. Agora, \u00e9 o ex-governador de Minas Gerais, Eduardo Azeredo, que est\u00e1 a caminho da pris\u00e3o por causa do chamado \u201cMensal\u00e3o Tucano\u201d. A 5\u00aa C\u00e2mara Criminal do Tribunal de Justi\u00e7a de Minas Gerais rejeitou os recursos da defesa do ex-governador do PSDB. \u00a0O tribunal ainda n\u00e3o decidiu quando ele ser\u00e1 preso.<br \/>\nEduardo Azeredo tentava anular a condena\u00e7\u00e3o de 20 anos e um m\u00eas pelos crimes de peculato e lavagem de dinheiro.<br \/>\nA defesa do ex-governador tucano ainda tem direito a mais um recurso em segunda inst\u00e2ncia: os embargos de declara\u00e7\u00e3o sobre o ac\u00f3rd\u00e3o. S\u00f3 ent\u00e3o o Tribunal de Minas Gerais considera que os recursos estar\u00e3o encerrados.<\/p>\n","protected":false},"excerpt":{"rendered":"<p>A candidatura do tucano Geraldo Alckmin come\u00e7a a sofrer desgastes para decolar nas pesquisas eleitorais para a Presid\u00eancia da Rep\u00fablica antes mesmo do seu registro. Primeiro foi o senador A\u00e9cio Neves que se tornou r\u00e9u no STF. Agora, \u00e9 o ex-governador de Minas Gerais, Eduardo Azeredo, que est\u00e1 a caminho da pris\u00e3o por causa do chamado \u201cMensal\u00e3o Tucano\u201d. A 5\u00aa C\u00e2mara Criminal do Tribunal de Justi\u00e7a de Minas Gerais rejeitou os recursos da defesa do ex-governador do PSDB. \u00a0O&hellip;<\/p>\n","protected":false},"author":1,"featured_media":0,"comment_status":"open","ping_status":"open","sticky":false,"template":"","format":"standard","meta":{"footnotes":""},"categories":[1],"tags":[],"class_list":["post-8905","post","type-post","status-publish","format-standard","hentry","category-noticias"],"_links":{"self":[{"href":"https:\/\/blogdorogeriogomes.com.br\/noticias\/wp-json\/wp\/v2\/posts\/8905","targetHints":{"allow":["GET"]}}],"collection":[{"href":"https:\/\/blogdorogeriogomes.com.br\/noticias\/wp-json\/wp\/v2\/posts"}],"about":[{"href":"https:\/\/blogdorogeriogomes.com.br\/noticias\/wp-json\/wp\/v2\/types\/post"}],"author":[{"embeddable":true,"href":"https:\/\/blogdorogeriogomes.com.br\/noticias\/wp-json\/wp\/v2\/users\/1"}],"replies":[{"embeddable":true,"href":"https:\/\/blogdorogeriogomes.com.br\/noticias\/wp-json\/wp\/v2\/comments?post=8905"}],"version-history":[{"count":1,"href":"https:\/\/blogdorogeriogomes.com.br\/noticias\/wp-json\/wp\/v2\/posts\/8905\/revisions"}],"predecessor-version":[{"id":8907,"href":"https:\/\/blogdorogeriogomes.com.br\/noticias\/wp-json\/wp\/v2\/posts\/8905\/revisions\/8907"}],"wp:attachment":[{"href":"https:\/\/blogdorogeriogomes.com.br\/noticias\/wp-json\/wp\/v2\/media?parent=8905"}],"wp:term":[{"taxonomy":"category","embeddable":true,"href":"https:\/\/blogdorogeriogomes.com.br\/noticias\/wp-json\/wp\/v2\/categories?post=8905"},{"taxonomy":"post_tag","embeddable":true,"href":"https:\/\/blogdorogeriogomes.com.br\/noticias\/wp-json\/wp\/v2\/tags?post=8905"}],"curies":[{"name":"wp","href":"https:\/\/api.w.org\/{rel}","templated":true}]}}