{"id":9327,"date":"2018-06-06T23:15:26","date_gmt":"2018-06-06T23:15:26","guid":{"rendered":"http:\/\/blogdorogeriogomes.com.br\/?p=9327"},"modified":"2018-06-06T23:15:26","modified_gmt":"2018-06-06T23:15:26","slug":"municipio-lanca-programa-de-assistencia-social-para-criancas-e-adolescentes","status":"publish","type":"post","link":"https:\/\/blogdorogeriogomes.com.br\/noticias\/2018\/06\/municipio-lanca-programa-de-assistencia-social-para-criancas-e-adolescentes\/","title":{"rendered":"Munic\u00edpio lan\u00e7a programa de assist\u00eancia social para crian\u00e7as e adolescentes"},"content":{"rendered":"<p><img loading=\"lazy\" decoding=\"async\" class=\"alignnone size-medium wp-image-9329\" src=\"http:\/\/blogdorogeriogomes.com.br\/wp-content\/uploads\/2018\/06\/IMG_20180606_201455-300x218.jpg\" alt=\"IMG_20180606_201455\" width=\"300\" height=\"218\" srcset=\"https:\/\/blogdorogeriogomes.com.br\/noticias\/wp-content\/uploads\/2018\/06\/IMG_20180606_201455-300x218.jpg 300w, https:\/\/blogdorogeriogomes.com.br\/noticias\/wp-content\/uploads\/2018\/06\/IMG_20180606_201455-768x559.jpg 768w, https:\/\/blogdorogeriogomes.com.br\/noticias\/wp-content\/uploads\/2018\/06\/IMG_20180606_201455.jpg 902w\" sizes=\"auto, (max-width: 300px) 100vw, 300px\" \/><\/p>\n<p><span style=\"font-weight: 400;\">Com o objetivo de promover o acolhimento de crian\u00e7as e adolescentes, de 0 a 18 anos, afastados temporariamente do v\u00ednculo familiar por medida de prote\u00e7\u00e3o judicial, o prefeito Roberto Cl\u00e1udio e a primeira-dama Carol Bezerra anunciam, nesta quinta-feira, dia 7 de junho, no Pa\u00e7o Municipal, o servi\u00e7o socioassistencial Fam\u00edlia Acolhedora \u2013 Tempo de Acolher. <\/span><\/p>\n<p><span style=\"font-weight: 400;\">O programa \u00e9 uma modalidade de acolhimento preferencial e provis\u00f3rio que visa a garantir \u00e0 crian\u00e7a e ao adolescente o direito constitucional \u00e0 conviv\u00eancia familiar e comunit\u00e1ria.<\/span><\/p>\n<p><span style=\"font-weight: 400;\">A crian\u00e7a ou adolescente ter\u00e1 acesso ao Fam\u00edlia Acolhedora ao ser constatada a impossibilidade do retorno ao conv\u00edvio familiar. Uma fam\u00edlia, previamente cadastrada e capacitada, ser\u00e1 escolhida pelo servi\u00e7o para receber o beneficiado para dar afeto, cuidar e zelar at\u00e9 a resolu\u00e7\u00e3o do caso, seja pela ado\u00e7\u00e3o ou retorno \u00e0 fam\u00edlia de origem.<\/span><span style=\"font-weight: 400;\"><br \/>\n<\/span><span style=\"font-weight: 400;\">A fam\u00edlia interessada em participar do servi\u00e7o dever\u00e1 procurar a Secretaria dos Direitos Humanos e Desenvolvimento Social de Fortaleza (Rua Padre Pedro Alencar, 2230 &#8211; Messejana) para cadastramento e, em seguida, participar dos cursos de capacita\u00e7\u00e3o.<\/span><\/p>\n","protected":false},"excerpt":{"rendered":"<p>Com o objetivo de promover o acolhimento de crian\u00e7as e adolescentes, de 0 a 18 anos, afastados temporariamente do v\u00ednculo familiar por medida de prote\u00e7\u00e3o judicial, o prefeito Roberto Cl\u00e1udio e a primeira-dama Carol Bezerra anunciam, nesta quinta-feira, dia 7 de junho, no Pa\u00e7o Municipal, o servi\u00e7o socioassistencial Fam\u00edlia Acolhedora \u2013 Tempo de Acolher. O programa \u00e9 uma modalidade de acolhimento preferencial e provis\u00f3rio que visa a garantir \u00e0 crian\u00e7a e ao adolescente o direito constitucional \u00e0 conviv\u00eancia familiar&hellip;<\/p>\n","protected":false},"author":1,"featured_media":0,"comment_status":"open","ping_status":"open","sticky":false,"template":"","format":"standard","meta":{"footnotes":""},"categories":[1],"tags":[],"class_list":["post-9327","post","type-post","status-publish","format-standard","hentry","category-noticias"],"_links":{"self":[{"href":"https:\/\/blogdorogeriogomes.com.br\/noticias\/wp-json\/wp\/v2\/posts\/9327","targetHints":{"allow":["GET"]}}],"collection":[{"href":"https:\/\/blogdorogeriogomes.com.br\/noticias\/wp-json\/wp\/v2\/posts"}],"about":[{"href":"https:\/\/blogdorogeriogomes.com.br\/noticias\/wp-json\/wp\/v2\/types\/post"}],"author":[{"embeddable":true,"href":"https:\/\/blogdorogeriogomes.com.br\/noticias\/wp-json\/wp\/v2\/users\/1"}],"replies":[{"embeddable":true,"href":"https:\/\/blogdorogeriogomes.com.br\/noticias\/wp-json\/wp\/v2\/comments?post=9327"}],"version-history":[{"count":1,"href":"https:\/\/blogdorogeriogomes.com.br\/noticias\/wp-json\/wp\/v2\/posts\/9327\/revisions"}],"predecessor-version":[{"id":9330,"href":"https:\/\/blogdorogeriogomes.com.br\/noticias\/wp-json\/wp\/v2\/posts\/9327\/revisions\/9330"}],"wp:attachment":[{"href":"https:\/\/blogdorogeriogomes.com.br\/noticias\/wp-json\/wp\/v2\/media?parent=9327"}],"wp:term":[{"taxonomy":"category","embeddable":true,"href":"https:\/\/blogdorogeriogomes.com.br\/noticias\/wp-json\/wp\/v2\/categories?post=9327"},{"taxonomy":"post_tag","embeddable":true,"href":"https:\/\/blogdorogeriogomes.com.br\/noticias\/wp-json\/wp\/v2\/tags?post=9327"}],"curies":[{"name":"wp","href":"https:\/\/api.w.org\/{rel}","templated":true}]}}